{"id":18133,"date":"2025-10-06T08:21:22","date_gmt":"2025-10-06T06:21:22","guid":{"rendered":"https:\/\/novaenergiaosona.cat\/?p=18133"},"modified":"2026-01-12T08:44:55","modified_gmt":"2026-01-12T07:44:55","slug":"presentacion-de-la-guia-practica-de-participacion-en-comunidades-energeticas-en-alternat-2025","status":"publish","type":"post","link":"https:\/\/novaenergiaosona.cat\/es\/2025\/10\/06\/presentacion-de-la-guia-practica-de-participacion-en-comunidades-energeticas-en-alternat-2025\/","title":{"rendered":"Presentaci\u00f3n de la Gu\u00eda pr\u00e1ctica de participaci\u00f3n en comunidades energ\u00e9ticas en alTERna\u2019t 2025"},"content":{"rendered":"\n<p>El pasado domingo 28 de septiembre, en el marco de la Feria de la Econom\u00eda Social y Solidaria de Osona \u2013 alTERna\u2019t 2025, se celebr\u00f3 la presentaci\u00f3n de la <strong>Gu\u00eda pr\u00e1ctica de participaci\u00f3n en las comunidades energ\u00e9ticas<\/strong>, una herramienta pensada para fortalecer la base social de las cooperativas y fomentar la implicaci\u00f3n ciudadana en proyectos de energ\u00eda comunitaria.<\/p>\n\n\n\n<p>El acto, organizado conjuntamente por l&#8217;<strong><strong>Ag\u00e8ncia Local de l&#8217;Energia d&#8217;Osona<\/strong><\/strong> y <strong>OECoop<\/strong>, cont\u00f3 con la participaci\u00f3n de una veintena de personas vinculadas al \u00e1mbito de las comunidades energ\u00e9ticas. La sesi\u00f3n se inici\u00f3 con la intervenci\u00f3n institucional de <strong>David Bonveh\u00ed<\/strong>, Director General de Econom\u00eda Social y del Cooperativismo de la Generalitat de Catalu\u00f1a, y continu\u00f3 con la presentaci\u00f3n de la gu\u00eda a cargo de <strong>Ares Riart<\/strong>, miembro de la cooperativa <strong>HOBEST<\/strong>, entidad responsable de la elaboraci\u00f3n del documento.<\/p>\n\n\n\n<p>Una de las conclusiones destacadas de la sesi\u00f3n fue la necesidad de <strong>crear espacios de encuentro entre comunidades energ\u00e9ticas<\/strong>, para compartir experiencias, retos y estrategias que permitan avanzar hacia un modelo energ\u00e9tico m\u00e1s justo, democr\u00e1tico y sostenible.<\/p>\n\n\n\n<p>El acto tambi\u00e9n cont\u00f3 con la presencia de <strong>representantes pol\u00edticos del Ayuntamiento<\/strong>, que mostraron su apoyo a las iniciativas de energ\u00eda comunitaria como herramienta de transformaci\u00f3n local.<\/p>\n\n\n\n<p>Con esta presentaci\u00f3n, alTERna\u2019t 2025 da el pistoletazo de salida al nuevo curso con una apuesta clara por la participaci\u00f3n activa y la colaboraci\u00f3n entre agentes del territorio.<\/p>\n\n\n\n<div class=\"wp-block-group\"><div class=\"wp-block-group__inner-container is-layout-constrained wp-block-group-is-layout-constrained\">\n<p><\/p>\n\n\n\n<p><\/p>\n\n\n\n<p><\/p>\n\n\n\n<p><\/p>\n<\/div><\/div>\n\n\n\n<p><\/p>\n","protected":false},"excerpt":{"rendered":"<p>El pasado domingo 28 de septiembre, en el marco de la Feria de la Econom\u00eda Social y Solidaria de Osona<\/p>\n","protected":false},"author":2,"featured_media":18131,"comment_status":"closed","ping_status":"open","sticky":false,"template":"","format":"standard","meta":{"_monsterinsights_skip_tracking":false,"_monsterinsights_sitenote_active":false,"_monsterinsights_sitenote_note":"","_monsterinsights_sitenote_category":0,"footnotes":""},"categories":[89,90,71,78],"tags":[],"class_list":["post-18133","post","type-post","status-publish","format-standard","has-post-thumbnail","hentry","category-noticias-neo","category-noticias-otc","category-noticies-neo","category-noticies-otc"],"_links":{"self":[{"href":"https:\/\/novaenergiaosona.cat\/es\/wp-json\/wp\/v2\/posts\/18133","targetHints":{"allow":["GET"]}}],"collection":[{"href":"https:\/\/novaenergiaosona.cat\/es\/wp-json\/wp\/v2\/posts"}],"about":[{"href":"https:\/\/novaenergiaosona.cat\/es\/wp-json\/wp\/v2\/types\/post"}],"author":[{"embeddable":true,"href":"https:\/\/novaenergiaosona.cat\/es\/wp-json\/wp\/v2\/users\/2"}],"replies":[{"embeddable":true,"href":"https:\/\/novaenergiaosona.cat\/es\/wp-json\/wp\/v2\/comments?post=18133"}],"version-history":[{"count":2,"href":"https:\/\/novaenergiaosona.cat\/es\/wp-json\/wp\/v2\/posts\/18133\/revisions"}],"predecessor-version":[{"id":18183,"href":"https:\/\/novaenergiaosona.cat\/es\/wp-json\/wp\/v2\/posts\/18133\/revisions\/18183"}],"wp:featuredmedia":[{"embeddable":true,"href":"https:\/\/novaenergiaosona.cat\/es\/wp-json\/wp\/v2\/media\/18131"}],"wp:attachment":[{"href":"https:\/\/novaenergiaosona.cat\/es\/wp-json\/wp\/v2\/media?parent=18133"}],"wp:term":[{"taxonomy":"category","embeddable":true,"href":"https:\/\/novaenergiaosona.cat\/es\/wp-json\/wp\/v2\/categories?post=18133"},{"taxonomy":"post_tag","embeddable":true,"href":"https:\/\/novaenergiaosona.cat\/es\/wp-json\/wp\/v2\/tags?post=18133"}],"curies":[{"name":"wp","href":"https:\/\/api.w.org\/{rel}","templated":true}]}}