{"id":18052,"date":"2025-06-14T08:26:15","date_gmt":"2025-06-14T06:26:15","guid":{"rendered":"https:\/\/novaenergiaosona.cat\/?p=18052"},"modified":"2026-01-20T09:54:20","modified_gmt":"2026-01-20T08:54:20","slug":"comunidades-energeticas-en-accion","status":"publish","type":"post","link":"https:\/\/novaenergiaosona.cat\/es\/2025\/06\/14\/comunidades-energeticas-en-accion\/","title":{"rendered":"Comunidades energ\u00e9ticas en acci\u00f3n"},"content":{"rendered":"\n<p><\/p>\n\n\n\n<div class=\"wp-block-group\"><div class=\"wp-block-group__inner-container is-layout-constrained wp-block-group-is-layout-constrained\">\n<p><\/p>\n\n\n\n<p><strong>Los d\u00edas 11 y 12 de junio Igualada acogi\u00f3 la jornada Comunidades energ\u00e9ticas en acci\u00f3n, organizada por las 9 Oficinas de Transici\u00f3n Energ\u00e9tica Comunitaria (OTC) de Catalu\u00f1a, los objetivos de la jornada se cumplieron plenamente, siendo un punto de encuentro entre comunidades energ\u00e9ticas, administraciones locales y entidades de soporte directo. <\/strong><\/p>\n\n\n\n<p><strong>Si desea consultar las presentaciones que se realizaron y ver las fotograf\u00edas del evento lo puede hacer <a href=\"https:\/\/www.diba.cat\/ca\/web\/xarxasost\/comunitats-energetiques-en-accio-transicio-energetica-comunitaria-a-catalunya-2025\" data-type=\"link\" data-id=\"https:\/\/www.diba.cat\/ca\/web\/xarxasost\/comunitats-energetiques-en-accio-transicio-energetica-comunitaria-a-catalunya-2025\">aqu\u00ed<\/a>. <\/strong><\/p>\n\n\n\n<p><strong>Durante la jornada se present\u00f3 el <a href=\"https:\/\/www.diba.cat\/documents\/d\/xarxasost\/manifest-ttecc-def-20250602\">Manifiesto por el impulso de una Mesa de la Transici\u00f3n Energ\u00e9tica Comunitaria de Catalu\u00f1a.<\/a><\/strong><\/p>\n\n\n\n<p><strong><a href=\"https:\/\/formularis.diba.cat\/comunitats-energetiques-accio-adhesio-al-manifest-cap-taula-transicio-energetica-ciutadana-catalunya\" data-type=\"link\" data-id=\"https:\/\/formularis.diba.cat\/comunitats-energetiques-accio-adhesio-al-manifest-cap-taula-transicio-energetica-ciutadana-catalunya\">\u00a1Quiero firmar el manifiesto!<\/a><\/strong><\/p>\n\n\n\n<p>Puedes ver el v\u00eddeo resumen de la jornada <a href=\"https:\/\/novaenergiaosona.cat\/wp-content\/uploads\/2026\/01\/VIDEO-RESUM-JORNADA-IGUALADA_V4.mp4\">aqu\u00ed<\/a><\/p>\n\n\n\n<p><\/p>\n<\/div><\/div>\n\n\n\n<div class=\"wp-block-group\"><div class=\"wp-block-group__inner-container is-layout-constrained wp-block-group-is-layout-constrained\">\n<p><\/p>\n\n\n\n<p><\/p>\n\n\n\n<p><\/p>\n\n\n\n<p><\/p>\n<\/div><\/div>\n\n\n\n<p><\/p>\n","protected":false},"excerpt":{"rendered":"<p>Los d\u00edas 11 y 12 de junio Igualada acogi\u00f3 la jornada Comunidades energ\u00e9ticas en acci\u00f3n, organizada por las 9 Oficinas<\/p>\n","protected":false},"author":2,"featured_media":18046,"comment_status":"closed","ping_status":"open","sticky":false,"template":"","format":"standard","meta":{"_monsterinsights_skip_tracking":false,"_monsterinsights_sitenote_active":false,"_monsterinsights_sitenote_note":"","_monsterinsights_sitenote_category":0,"footnotes":""},"categories":[89,90,71,78],"tags":[],"class_list":["post-18052","post","type-post","status-publish","format-standard","has-post-thumbnail","hentry","category-noticias-neo","category-noticias-otc","category-noticies-neo","category-noticies-otc"],"_links":{"self":[{"href":"https:\/\/novaenergiaosona.cat\/es\/wp-json\/wp\/v2\/posts\/18052","targetHints":{"allow":["GET"]}}],"collection":[{"href":"https:\/\/novaenergiaosona.cat\/es\/wp-json\/wp\/v2\/posts"}],"about":[{"href":"https:\/\/novaenergiaosona.cat\/es\/wp-json\/wp\/v2\/types\/post"}],"author":[{"embeddable":true,"href":"https:\/\/novaenergiaosona.cat\/es\/wp-json\/wp\/v2\/users\/2"}],"replies":[{"embeddable":true,"href":"https:\/\/novaenergiaosona.cat\/es\/wp-json\/wp\/v2\/comments?post=18052"}],"version-history":[{"count":3,"href":"https:\/\/novaenergiaosona.cat\/es\/wp-json\/wp\/v2\/posts\/18052\/revisions"}],"predecessor-version":[{"id":18191,"href":"https:\/\/novaenergiaosona.cat\/es\/wp-json\/wp\/v2\/posts\/18052\/revisions\/18191"}],"wp:featuredmedia":[{"embeddable":true,"href":"https:\/\/novaenergiaosona.cat\/es\/wp-json\/wp\/v2\/media\/18046"}],"wp:attachment":[{"href":"https:\/\/novaenergiaosona.cat\/es\/wp-json\/wp\/v2\/media?parent=18052"}],"wp:term":[{"taxonomy":"category","embeddable":true,"href":"https:\/\/novaenergiaosona.cat\/es\/wp-json\/wp\/v2\/categories?post=18052"},{"taxonomy":"post_tag","embeddable":true,"href":"https:\/\/novaenergiaosona.cat\/es\/wp-json\/wp\/v2\/tags?post=18052"}],"curies":[{"name":"wp","href":"https:\/\/api.w.org\/{rel}","templated":true}]}}