{"id":18008,"date":"2025-05-13T13:47:38","date_gmt":"2025-05-13T11:47:38","guid":{"rendered":"https:\/\/novaenergiaosona.cat\/?p=18008"},"modified":"2025-05-13T13:48:34","modified_gmt":"2025-05-13T11:48:34","slug":"comunidades-energeticas-asamblea-el-motor-de-la-comunidad","status":"publish","type":"post","link":"https:\/\/novaenergiaosona.cat\/es\/2025\/05\/13\/comunidades-energeticas-asamblea-el-motor-de-la-comunidad\/","title":{"rendered":"Comunidades energ\u00e9ticas: Asamblea, el motor de la comunidad"},"content":{"rendered":"\n<p><\/p>\n\n\n\n<p>El pasado 10 de abril realizamos la formaci\u00f3n sobre la asamblea, el motor de la comunidad. Esta sesi\u00f3n se ha realizado de forma conjunta desde ALEO (Agencia Local de la Energ\u00eda de Osona), OECoop (Osona Energ\u00eda Cooperativa SCCL) y el Ateneo Cooperativo de la Catalu\u00f1a Central. <\/p>\n\n\n\n<p>Comunidades energ\u00e9ticas: Asamblea, el motor de la comunidad. <\/p>\n\n\n\n<p>En esta formaci\u00f3n online, a la que asistieron unas 20 personas de diferentes comunidades se habl\u00f3 de todos los aspectos relacionados con la asamblea, se present\u00f3 la gu\u00eda: La asamblea: atractiva, \u00e1gil y participativa. El motor de la comunidad energ\u00e9tica y se explicaron los siguientes puntos: <\/p>\n\n\n\n<ul class=\"wp-block-list\">\n<li>\u00bfQu\u00e9 debemos hacer despu\u00e9s de la asamblea?<\/li>\n<\/ul>\n\n\n\n<ul class=\"wp-block-list\">\n<li>\u00bfQu\u00e9 es la asamblea? Tipo y competencias.<\/li>\n<\/ul>\n\n\n\n<ul class=\"wp-block-list\">\n<li>\u00bfC\u00f3mo preparamos la asamblea?<\/li>\n<\/ul>\n\n\n\n<ul class=\"wp-block-list\">\n<li>\u00bfC\u00f3mo gestionamos la asamblea?<\/li>\n<\/ul>\n\n\n\n<p>Puede consultar la gu\u00eda sobre la preparaci\u00f3n de la asamblea aqu\u00ed.<\/p>\n\n\n\n<p>La sesi\u00f3n se grab\u00f3 para todas aquellas personas que no pudieron asistir, aqu\u00ed puede verla. C\u00f3digo de acceso: V9%EjC3x<\/p>\n\n\n\n<p><\/p>\n\n\n\n<p><\/p>\n","protected":false},"excerpt":{"rendered":"<p>El pasado 10 de abril realizamos la formaci\u00f3n sobre la asamblea, el motor de la comunidad. Esta sesi\u00f3n se ha<\/p>\n","protected":false},"author":2,"featured_media":17980,"comment_status":"closed","ping_status":"open","sticky":false,"template":"","format":"standard","meta":{"_monsterinsights_skip_tracking":false,"_monsterinsights_sitenote_active":false,"_monsterinsights_sitenote_note":"","_monsterinsights_sitenote_category":0,"footnotes":""},"categories":[90],"tags":[],"class_list":["post-18008","post","type-post","status-publish","format-standard","has-post-thumbnail","hentry","category-noticias-otc"],"_links":{"self":[{"href":"https:\/\/novaenergiaosona.cat\/es\/wp-json\/wp\/v2\/posts\/18008","targetHints":{"allow":["GET"]}}],"collection":[{"href":"https:\/\/novaenergiaosona.cat\/es\/wp-json\/wp\/v2\/posts"}],"about":[{"href":"https:\/\/novaenergiaosona.cat\/es\/wp-json\/wp\/v2\/types\/post"}],"author":[{"embeddable":true,"href":"https:\/\/novaenergiaosona.cat\/es\/wp-json\/wp\/v2\/users\/2"}],"replies":[{"embeddable":true,"href":"https:\/\/novaenergiaosona.cat\/es\/wp-json\/wp\/v2\/comments?post=18008"}],"version-history":[{"count":2,"href":"https:\/\/novaenergiaosona.cat\/es\/wp-json\/wp\/v2\/posts\/18008\/revisions"}],"predecessor-version":[{"id":18016,"href":"https:\/\/novaenergiaosona.cat\/es\/wp-json\/wp\/v2\/posts\/18008\/revisions\/18016"}],"wp:featuredmedia":[{"embeddable":true,"href":"https:\/\/novaenergiaosona.cat\/es\/wp-json\/wp\/v2\/media\/17980"}],"wp:attachment":[{"href":"https:\/\/novaenergiaosona.cat\/es\/wp-json\/wp\/v2\/media?parent=18008"}],"wp:term":[{"taxonomy":"category","embeddable":true,"href":"https:\/\/novaenergiaosona.cat\/es\/wp-json\/wp\/v2\/categories?post=18008"},{"taxonomy":"post_tag","embeddable":true,"href":"https:\/\/novaenergiaosona.cat\/es\/wp-json\/wp\/v2\/tags?post=18008"}],"curies":[{"name":"wp","href":"https:\/\/api.w.org\/{rel}","templated":true}]}}