{"id":16948,"date":"2023-06-05T07:41:54","date_gmt":"2023-06-05T05:41:54","guid":{"rendered":"https:\/\/novaenergiaosona.cat\/2023\/06\/05\/jornada-nuevas-herramientas-para-la-transicion-energetica\/"},"modified":"2024-05-28T13:18:47","modified_gmt":"2024-05-28T11:18:47","slug":"jornada-nuevas-herramientas-para-la-transicion-energetica","status":"publish","type":"post","link":"https:\/\/novaenergiaosona.cat\/es\/2023\/06\/05\/jornada-nuevas-herramientas-para-la-transicion-energetica\/","title":{"rendered":"Jornada \u00abNuevas herramientas para la transici\u00f3n energ\u00e9tica\u00bb"},"content":{"rendered":"\n<p><strong>La emergencia clim\u00e1tica y la crisis energ\u00e9tica han puesto en evidencia la necesidad de asumir el reto de la transici\u00f3n energ\u00e9tica<\/strong> por parte de todos los actores de la sociedad y, en particular, de los profesionales de la arquitectura y la edificaci\u00f3n.<\/p>\n\n<p>Un reto ingente que a su vez abre nuevas oportunidades con la aparici\u00f3n de DATADIS y de softwares de control y monitorizaci\u00f3n a bajo coste y alta escalabilidad. Nuevas herramientas que potencian los servicios existentes en la evaluaci\u00f3n y simulaci\u00f3n energ\u00e9tica de edificios, pero que a su vez, tambi\u00e9n permiten generar nuevos servicios profesionales basados \u200b\u200ben las tecnolog\u00edas de la informaci\u00f3n, la anal\u00edtica energ\u00e9tica, la telegesti\u00f3n.<\/p>\n\n<p>Conocer experiencias de \u00e9xito, reales y cercanas, nos ayudar\u00e1n a comprender cu\u00e1l es el potencial de unas tecnolog\u00edas que hoy ya tenemos a nuestro alcance y que tienen el potencial de cambiar nuestra forma de ver la energ\u00eda en los edificios.<\/p>\n\n<h2 class=\"wp-block-heading\">Programa<\/h2>\n\n<ul class=\"wp-block-list\">\n<li>Introducci\u00f3n 15&#8242;<\/li>\n\n\n\n<li><strong>Monitorizaci\u00f3n energ\u00e9tica:<\/strong>\n<ul class=\"wp-block-list\">\n<li>Campus UPC y 20 Equipamientos Municipales 20&#8242;<\/li>\n\n\n\n<li>Consorcio Vall del Ges, Or\u00eds y Bisaura<\/li>\n<\/ul>\n<\/li>\n\n\n\n<li><strong>Telegesti\u00f3 energ\u00e8tica _<\/strong>&nbsp;150 Equipaments a la comarca d\u2019Osona &nbsp; 20\n<ul class=\"wp-block-list\">\n<li>Agencia Local de la Energ\u00eda de Osona<\/li>\n<\/ul>\n<\/li>\n\n\n\n<li><strong>Monitoritzaci\u00f3 del consum en habitatges:&nbsp;<\/strong>edificis cooperativa \u2018Sostre C\u00edvic\u2019&nbsp; 20\u2019\n<ul class=\"wp-block-list\">\n<li>Arkenova ingenier\u00eda<\/li>\n<\/ul>\n<\/li>\n\n\n\n<li><strong>Modelitzaci\u00f3 i simulaci\u00f3 energ\u00e8tica _&nbsp;<\/strong>seu de l\u2019Ajuntament de Torell\u00f3&nbsp; 20\u2019\n<ul class=\"wp-block-list\">\n<li>Suno ingenier\u00eda<\/li>\n<\/ul>\n<\/li>\n\n\n\n<li>Ruegos y preguntas<\/li>\n<\/ul>\n\n<p><strong>Direcci\u00f3n<\/strong> : Pla\u00e7a Obispo Oliba, 2, Vic<\/p>\n\n<p><strong>Localizaci\u00f3n<\/strong> : Presencial<\/p>\n\n<p><strong>Demarcaci\u00f3n<\/strong> : <a href=\"https:\/\/www.escolasert.com\/ca\/taxonomy\/term\/27\">Vic<\/a><\/p>\n\n<p><strong>Fecha de inicio<\/strong> : 6 Jun 2023<\/p>\n\n<p><strong>Duraci\u00f3n<\/strong> : 2 h<\/p>\n\n<p><strong>Horario<\/strong> : Martes de 18:00 a 20:00 h<\/p>\n\n<p><strong>Coste<\/strong> : Gratuita y abierta a todo el mundo<\/p>\n\n<p><\/p>\n\n<p>M\u00e1s informaci\u00f3n: <a rel=\"noreferrer noopener\" href=\"https:\/\/www.escolasert.com\/ca\/calendari\/jornada-noves-eines-la-transicio-energetica\" target=\"_blank\">https:\/\/www.escolasert.com\/ca\/calendari\/jornada-noves-eines-la-transicio-energetica<\/a> <\/p>\n","protected":false},"excerpt":{"rendered":"<p>La emergencia clim\u00e1tica y la crisis energ\u00e9tica han puesto en evidencia la necesidad de asumir el reto de la transici\u00f3n<\/p>\n","protected":false},"author":1,"featured_media":16733,"comment_status":"closed","ping_status":"closed","sticky":false,"template":"","format":"standard","meta":{"_monsterinsights_skip_tracking":false,"_monsterinsights_sitenote_active":false,"_monsterinsights_sitenote_note":"","_monsterinsights_sitenote_category":0,"footnotes":""},"categories":[89],"tags":[],"class_list":["post-16948","post","type-post","status-publish","format-standard","has-post-thumbnail","hentry","category-noticias-neo"],"_links":{"self":[{"href":"https:\/\/novaenergiaosona.cat\/es\/wp-json\/wp\/v2\/posts\/16948","targetHints":{"allow":["GET"]}}],"collection":[{"href":"https:\/\/novaenergiaosona.cat\/es\/wp-json\/wp\/v2\/posts"}],"about":[{"href":"https:\/\/novaenergiaosona.cat\/es\/wp-json\/wp\/v2\/types\/post"}],"author":[{"embeddable":true,"href":"https:\/\/novaenergiaosona.cat\/es\/wp-json\/wp\/v2\/users\/1"}],"replies":[{"embeddable":true,"href":"https:\/\/novaenergiaosona.cat\/es\/wp-json\/wp\/v2\/comments?post=16948"}],"version-history":[{"count":3,"href":"https:\/\/novaenergiaosona.cat\/es\/wp-json\/wp\/v2\/posts\/16948\/revisions"}],"predecessor-version":[{"id":17359,"href":"https:\/\/novaenergiaosona.cat\/es\/wp-json\/wp\/v2\/posts\/16948\/revisions\/17359"}],"wp:featuredmedia":[{"embeddable":true,"href":"https:\/\/novaenergiaosona.cat\/es\/wp-json\/wp\/v2\/media\/16733"}],"wp:attachment":[{"href":"https:\/\/novaenergiaosona.cat\/es\/wp-json\/wp\/v2\/media?parent=16948"}],"wp:term":[{"taxonomy":"category","embeddable":true,"href":"https:\/\/novaenergiaosona.cat\/es\/wp-json\/wp\/v2\/categories?post=16948"},{"taxonomy":"post_tag","embeddable":true,"href":"https:\/\/novaenergiaosona.cat\/es\/wp-json\/wp\/v2\/tags?post=16948"}],"curies":[{"name":"wp","href":"https:\/\/api.w.org\/{rel}","templated":true}]}}