{"id":16936,"date":"2024-02-12T08:23:53","date_gmt":"2024-02-12T07:23:53","guid":{"rendered":"https:\/\/novaenergiaosona.cat\/2024\/02\/12\/llega-una-nueva-edicion-de-la-feria-de-la-energia-y-la-construccion-sostenible\/"},"modified":"2024-05-13T11:50:16","modified_gmt":"2024-05-13T09:50:16","slug":"llega-una-nueva-edicion-de-la-feria-de-la-energia-y-la-construccion-sostenible","status":"publish","type":"post","link":"https:\/\/novaenergiaosona.cat\/es\/2024\/02\/12\/llega-una-nueva-edicion-de-la-feria-de-la-energia-y-la-construccion-sostenible\/","title":{"rendered":"Llega una nueva edici\u00f3n de la Feria de la Energ\u00eda y la Construcci\u00f3n Sostenible"},"content":{"rendered":"\n<p>M\u00e1s informaci\u00f3n <a href=\"https:\/\/www.vicfires.cat\/fecs-fira-de-l-energia-i-la-construccio-sostenible-2024\" data-type=\"link\" data-id=\"https:\/\/www.vicfires.cat\/fecs-fira-de-l-energia-i-la-construccio-sostenible-2024\">aqu\u00ed<\/a><\/p>\n\n<p><strong>Rehabilitaci\u00f3n sostenible<\/strong><\/p>\n\n<p><strong>Comunidades energ\u00e9ticas<\/strong><\/p>\n\n<p><strong>15, 16 y 17 de<\/strong> <strong>febrero<\/strong> <strong>2024<\/strong><\/p>\n\n<p>Recinto ferial <strong>El Sucre<\/strong> , <strong>Vic<\/strong><\/p>\n\n<p><strong><br\/>Horario de la feria:<\/strong><\/p>\n\n<p>Todos los d\u00edas de 10h a 19h<\/p>\n\n<p><strong>Entrada:<\/strong><\/p>\n\n<p>Acceso gratuito (NO se requiere inscripci\u00f3n previa)<\/p>\n\n<p>Este febrero la feria FECS llegar\u00e1 a su tercera edici\u00f3n consolid\u00e1ndose como el punto de referencia para conocer las \u00faltimas novedades de las empresas y los proyectos existentes en el sector de la bioconstrucci\u00f3n y las energ\u00edas renovables.<\/p>\n\n<p>El principal objetivo de la feria es promocionar el uso de energ\u00edas renovables, as\u00ed como la utilizaci\u00f3n de t\u00e9cnicas de construcci\u00f3n y rehabilitaci\u00f3n sostenibles. En esta l\u00ednea, esta edici\u00f3n se pone acento en las  <strong>comunidades energ\u00e9ticas<\/strong>  y en la  <strong>rehabilitaci\u00f3n sostenible<\/strong>, ya que la forma en que construimos va ligada a los requerimientos energ\u00e9ticos de las edificaciones y, por tanto, al dise\u00f1o de las instalaciones de producci\u00f3n de energ\u00eda sostenible para ser el m\u00e1ximo de eficientes y respetuosos con el medio ambiente.  <\/p>\n\n<p>La creciente inquietud y el inter\u00e9s por promover el aprovechamiento de energ\u00edas renovables, y su implicaci\u00f3n en la construcci\u00f3n y rehabilitaci\u00f3n de edificios, ha impulsado esta feria que pretende reunir a participantes, visitantes y profesionales de los sectores de la producci\u00f3n de energ\u00eda y la construcci\u00f3n sostenible.<\/p>\n\n<p>Dentro de la feria se podr\u00e1n encontrar dos espacios sectorizados:<\/p>\n\n<ul class=\"wp-block-list\">\n<li>Fabricantes, instaladores, distribuidores, comercializadoras, ingenier\u00edas, consultor\u00edas relacionadas con <strong>el autoconsumo el\u00e9ctrico y otras energ\u00edas renovables<\/strong><\/li>\n\n\n\n<li>Profesionales del sector de la <strong>bioconstrucci\u00f3n<\/strong> : casas pasivas, madera constructiva, asesoramientos t\u00e9cnicos y arquitect\u00f3nicos, nuevos materiales de bioconstrucci\u00f3n, profesionales de la construcci\u00f3n tradicional, etc.<\/li>\n<\/ul>\n\n<p><br\/>Esta edici\u00f3n existe un peque\u00f1o punto de inflexi\u00f3n con las empresas relacionadas con la <strong>bioenerg\u00eda<\/strong> (biomasa, biog\u00e1s, etc.) y es que est\u00e1 previsto empezar una nueva feria en febrero de 2025, que se alternar\u00e1 anualmente con la FECS, y estar\u00e1 centralizada con la gesti\u00f3n forestal y acoger\u00e1 toda la cadena de valor de este sector y tambi\u00e9n otros combustibles obtenidos de subproductos org\u00e1nicos (purines, esti\u00e9rcol, fangos de depuradoras..). Ser\u00e1 una feria m\u00e1s enfocada al p\u00fablico profesional y no al p\u00fablico general, como es el caso de la FECS.  <\/p>\n\n<p>Esto significa tambi\u00e9n que la feria FECS se celebrar\u00e1 cada dos a\u00f1os, puesto que se alternar\u00e1 con esta otra feria centrada con el sector forestal. De 2024 daremos el salto a 2026 para as\u00ed acumular novedades, innovaci\u00f3n y ganas de las empresas a estar presentes en la cita catalana de referencia del sector.<\/p>\n\n<p>En cuanto a la Fira, aparte del espacio expositivo, contar\u00e1 con diferentes actividades paralelas como encuentros profesionales, conferencias, proyecciones audiovisuales, demostraciones, entre otros. Tambi\u00e9n podremos disfrutar del segundo encuentro de artesanos y artesanas de la construcci\u00f3n, con t\u00e9cnicas constructivas y materiales de bajo impacto energ\u00e9tico, como la construcci\u00f3n con suelo, cal, madera, b\u00f3veda catalana, ca\u00f1as, paja, piedra, etc. En este espacio podr\u00e1 disfrutar de demostraciones y talleres de todas las t\u00e9cnicas de bioconstrucci\u00f3n.<\/p>\n\n<p>Esta feria se dirige principalmente a todas aquellas personas interesadas o usuarias de las energ\u00edas renovables y la bioconstrucci\u00f3n. Tambi\u00e9n a los profesionales del sector y otros p\u00fablicos como pueden ser estudiantes, administraci\u00f3n, etc.<\/p>\n\n<p>La feria FECS est\u00e1 organizada por el Ayuntamiento de Vic y cuenta con el apoyo de diversas entidades y asociaciones de los sectores relacionados. Generalidad de Catalu\u00f1a, Diputaci\u00f3n de Barcelona, \u200b\u200bICAEN, Agencia de la Energ\u00eda de Osona, Centro Tecnol\u00f3gico Forestal de Catalu\u00f1a, Cl\u00faster de la Energ\u00eda Eficiente de Catalu\u00f1a, Solartys, AICO, FEGICAT, UNEFCAT, Colegio de Arquitectos de Catalu\u00f1a &#8211; Demarcaci\u00f3n de las Comarcas Centrales, Colegio de la Arquitectura T\u00e9cnica de Barcelona, \u200b\u200bGremio de Madera y mueble de Catalunya e Incafust.  <\/p>\n","protected":false},"excerpt":{"rendered":"<p>M\u00e1s informaci\u00f3n aqu\u00ed Rehabilitaci\u00f3n sostenible Comunidades energ\u00e9ticas 15, 16 y 17 de febrero 2024 Recinto ferial El Sucre , Vic<\/p>\n","protected":false},"author":2,"featured_media":16757,"comment_status":"closed","ping_status":"open","sticky":false,"template":"","format":"standard","meta":{"_monsterinsights_skip_tracking":false,"_monsterinsights_sitenote_active":false,"_monsterinsights_sitenote_note":"","_monsterinsights_sitenote_category":0,"footnotes":""},"categories":[89,90],"tags":[91],"class_list":["post-16936","post","type-post","status-publish","format-standard","has-post-thumbnail","hentry","category-noticias-neo","category-noticias-otc","tag-fecs-es"],"_links":{"self":[{"href":"https:\/\/novaenergiaosona.cat\/es\/wp-json\/wp\/v2\/posts\/16936","targetHints":{"allow":["GET"]}}],"collection":[{"href":"https:\/\/novaenergiaosona.cat\/es\/wp-json\/wp\/v2\/posts"}],"about":[{"href":"https:\/\/novaenergiaosona.cat\/es\/wp-json\/wp\/v2\/types\/post"}],"author":[{"embeddable":true,"href":"https:\/\/novaenergiaosona.cat\/es\/wp-json\/wp\/v2\/users\/2"}],"replies":[{"embeddable":true,"href":"https:\/\/novaenergiaosona.cat\/es\/wp-json\/wp\/v2\/comments?post=16936"}],"version-history":[{"count":2,"href":"https:\/\/novaenergiaosona.cat\/es\/wp-json\/wp\/v2\/posts\/16936\/revisions"}],"predecessor-version":[{"id":16950,"href":"https:\/\/novaenergiaosona.cat\/es\/wp-json\/wp\/v2\/posts\/16936\/revisions\/16950"}],"wp:featuredmedia":[{"embeddable":true,"href":"https:\/\/novaenergiaosona.cat\/es\/wp-json\/wp\/v2\/media\/16757"}],"wp:attachment":[{"href":"https:\/\/novaenergiaosona.cat\/es\/wp-json\/wp\/v2\/media?parent=16936"}],"wp:term":[{"taxonomy":"category","embeddable":true,"href":"https:\/\/novaenergiaosona.cat\/es\/wp-json\/wp\/v2\/categories?post=16936"},{"taxonomy":"post_tag","embeddable":true,"href":"https:\/\/novaenergiaosona.cat\/es\/wp-json\/wp\/v2\/tags?post=16936"}],"curies":[{"name":"wp","href":"https:\/\/api.w.org\/{rel}","templated":true}]}}