{"id":16934,"date":"2023-05-22T07:20:40","date_gmt":"2023-05-22T05:20:40","guid":{"rendered":"https:\/\/novaenergiaosona.cat\/2023\/05\/22\/la-ubicacion-de-los-parques-solares-a-debate\/"},"modified":"2024-05-13T11:50:17","modified_gmt":"2024-05-13T09:50:17","slug":"la-ubicacion-de-los-parques-solares-a-debate","status":"publish","type":"post","link":"https:\/\/novaenergiaosona.cat\/es\/2023\/05\/22\/la-ubicacion-de-los-parques-solares-a-debate\/","title":{"rendered":"La ubicaci\u00f3n de los parques solares, a debate"},"content":{"rendered":"\n<p>La Generalidad de Catalu\u00f1a ha iniciado los trabajos del PLATER, el Plan Territorial Sectorial para el Desarrollo de las Energ\u00edas Renovables, que determinar\u00e1 las \u00e1reas prioritarias donde instalar centrales de generaci\u00f3n el\u00e9ctrica renovable para conseguir los objetivos de neutralidad clim\u00e1tica en 2050, de de acuerdo con las previsiones de la  <a href=\"https:\/\/icaen.gencat.cat\/ca\/l_icaen\/prospectiva_planificacio\/principis-vertebradors-de-la-proencat-2050\/index.html\" target=\"_blank\" rel=\"noreferrer noopener\">Prospectiva Energ\u00e9tica de Catalu\u00f1a<\/a>.<\/p>\n\n<p>Para dar a conocer este proceso e introducir varios elementos sobre la mesa, el pr\u00f3ximo mi\u00e9rcoles 24 de mayo habr\u00e1 una sesi\u00f3n informativa a las 18h en el Museo del Ter de Manlleu.<\/p>\n\n<p>\u00a1Todo el mundo est\u00e1 invitado a participar!<\/p>\n","protected":false},"excerpt":{"rendered":"<p>La Generalidad de Catalu\u00f1a ha iniciado los trabajos del PLATER, el Plan Territorial Sectorial para el Desarrollo de las Energ\u00edas<\/p>\n","protected":false},"author":1,"featured_media":16725,"comment_status":"closed","ping_status":"closed","sticky":false,"template":"","format":"standard","meta":{"_monsterinsights_skip_tracking":false,"_monsterinsights_sitenote_active":false,"_monsterinsights_sitenote_note":"","_monsterinsights_sitenote_category":0,"footnotes":""},"categories":[89],"tags":[],"class_list":["post-16934","post","type-post","status-publish","format-standard","has-post-thumbnail","hentry","category-noticias-neo"],"_links":{"self":[{"href":"https:\/\/novaenergiaosona.cat\/es\/wp-json\/wp\/v2\/posts\/16934","targetHints":{"allow":["GET"]}}],"collection":[{"href":"https:\/\/novaenergiaosona.cat\/es\/wp-json\/wp\/v2\/posts"}],"about":[{"href":"https:\/\/novaenergiaosona.cat\/es\/wp-json\/wp\/v2\/types\/post"}],"author":[{"embeddable":true,"href":"https:\/\/novaenergiaosona.cat\/es\/wp-json\/wp\/v2\/users\/1"}],"replies":[{"embeddable":true,"href":"https:\/\/novaenergiaosona.cat\/es\/wp-json\/wp\/v2\/comments?post=16934"}],"version-history":[{"count":2,"href":"https:\/\/novaenergiaosona.cat\/es\/wp-json\/wp\/v2\/posts\/16934\/revisions"}],"predecessor-version":[{"id":16944,"href":"https:\/\/novaenergiaosona.cat\/es\/wp-json\/wp\/v2\/posts\/16934\/revisions\/16944"}],"wp:featuredmedia":[{"embeddable":true,"href":"https:\/\/novaenergiaosona.cat\/es\/wp-json\/wp\/v2\/media\/16725"}],"wp:attachment":[{"href":"https:\/\/novaenergiaosona.cat\/es\/wp-json\/wp\/v2\/media?parent=16934"}],"wp:term":[{"taxonomy":"category","embeddable":true,"href":"https:\/\/novaenergiaosona.cat\/es\/wp-json\/wp\/v2\/categories?post=16934"},{"taxonomy":"post_tag","embeddable":true,"href":"https:\/\/novaenergiaosona.cat\/es\/wp-json\/wp\/v2\/tags?post=16934"}],"curies":[{"name":"wp","href":"https:\/\/api.w.org\/{rel}","templated":true}]}}