{"id":16894,"date":"2023-10-23T07:08:58","date_gmt":"2023-10-23T05:08:58","guid":{"rendered":"https:\/\/novaenergiaosona.cat\/2023\/10\/23\/comunidades-energeticas-mas-alla-del-autoconsumo-solar-compartido\/"},"modified":"2024-05-28T13:12:40","modified_gmt":"2024-05-28T11:12:40","slug":"comunidades-energeticas-mas-alla-del-autoconsumo-solar-compartido","status":"publish","type":"post","link":"https:\/\/novaenergiaosona.cat\/es\/2023\/10\/23\/comunidades-energeticas-mas-alla-del-autoconsumo-solar-compartido\/","title":{"rendered":"Comunidades energ\u00e9ticas, m\u00e1s all\u00e1 del autoconsumo solar compartido"},"content":{"rendered":"\n<p><em>Publicado originalmente en <a href=\"https:\/\/www.naciodigital.cat\/noticia\/264213\/que-es-com-funciona-comunitat-energetica-solar-catalunya\" data-type=\"link\" data-id=\"https:\/\/www.naciodigital.cat\/noticia\/264213\/que-es-com-funciona-comunitat-energetica-solar-catalunya\">Naci\u00f3 Digital<\/a><\/em><\/p>\n\n\n\n<figure class=\"wp-block-image size-large\"><img decoding=\"async\" src=\"https:\/\/novaenergiaosona.cat\/wp-content\/uploads\/2023\/10\/image-1024x576.png\" alt=\"\" class=\"wp-image-7980\"\/><\/figure>\n\n\n\n<p>Hace meses que se habla mucho de <strong>comunidades energ\u00e9ticas<\/strong> , a menudo con cierta confusi\u00f3n. Y es que, en general, se asocia este modelo que permite a la ciudadan\u00eda participar en la <strong>transici\u00f3n energ\u00e9tica<\/strong> al <strong><a href=\"https:\/\/www.naciodigital.cat\/noticia\/264166\/autoconsum-solar-catalunya-no-genera-energia-com-nuclear\">autoconsumo solar<\/a> compartido<\/strong> . Sin embargo, sus impulsores defienden con vehemencia que <strong>va mucho m\u00e1s all\u00e1 de esto<\/strong> : no s\u00f3lo facilita promover desde bajo cambios en el modelo energ\u00e9tico -tanto en el \u00e1mbito el\u00e9ctrico como en el t\u00e9rmico o el de movilidad-, sino que es una forma de <strong>empoderamiento ciudadano<\/strong> .<\/p>\n\n\n\n<p>La primera ola de comunidades energ\u00e9ticas est\u00e1 empezando a dar sus frutos, con decenas de municipios catalanes donde los socios de las cooperativas -la f\u00f3rmula jur\u00eddica m\u00e1s utilizada- empiezan a recibir <strong>energ\u00eda 100% renovable<\/strong> . Adem\u00e1s, en los pr\u00f3ximos meses se vivir\u00e1 una segunda ola por la replicaci\u00f3n de proyectos pioneros as\u00ed como por la apuesta por este modelo por parte de varias administraciones.<\/p>\n\n\n\n<p><strong>\u00bfQu\u00e9 es<\/strong> y c\u00f3mo se define una comunidad energ\u00e9tica? <strong>\u00bfC\u00f3mo funciona<\/strong> y se reparte la producci\u00f3n de energ\u00eda renovable? <strong>\u00bfC\u00f3mo se financia<\/strong> y qu\u00e9 asesoramiento puede recibir? Preguntas complejas que intentamos resolver en este reportaje.<\/p>\n\n\n\n<h2 class=\"wp-block-heading\">\u00bfQu\u00e9 es una comunidad energ\u00e9tica?<\/h2>\n\n\n\n<p>Una comunidad energ\u00e9tica podr\u00eda definirse, de forma sencilla, como un <strong>colectivo de gente que se organiza para trabajar en favor de la transici\u00f3n energ\u00e9tica<\/strong> . Esto da un campo de juego muy amplio que ha provocado cierta \u201cconfusi\u00f3n\u201d, seg\u00fan admite <strong>Ermen Llobet<\/strong> , presidente del consejo rector de <strong>Osona Energ\u00eda Cooperativa<\/strong> , una <a href=\"https:\/\/www.naciodigital.cat\/noticia\/264159\/osona-accelerar-transicio-energetica-des-baix\">cooperativa de segundo grado que agrupa a comunidades de esta comarca y m\u00e1s all\u00e1<\/a> .<\/p>\n\n\n\n<p>De hecho, en los \u00faltimos tiempos <strong>se le ha llamado comunidad energ\u00e9tica a cosas muy diferentes<\/strong> : desde cooperativas, con proyectos de transformaci\u00f3n reales del \u00e1mbito local, a grupos de vecinos que ponen conjuntamente una cubierta solar en la azotea del edificio. Incluso algunas de las grandes empresas el\u00e9ctricas -la ant\u00edtesis de lo que supone este modelo ciudadano desde abajo- han promocionado instalaciones colectivas utilizando este reclamo.<\/p>\n\n\n\n<p>Ahora bien, un <strong>nuevo marco legal<\/strong> tender\u00e1 a resolver este batiburrillo. Dos directivas europeas lo regulan con dos figuras diferenciadas: las <strong>comunidades de energ\u00edas renovables<\/strong> y las <strong>comunidades ciudadanas de energ\u00eda<\/strong> . Un decreto ley de mayo de este a\u00f1o las transpuso al marco jur\u00eddico estatal mientras que el <a rel=\"noreferrer noopener\" href=\"https:\/\/energia.gob.es\/_layouts\/15\/HttpHandlerParticipacionPublicaAnexos.ashx?k=61313\" target=\"_blank\">real decreto que las desarrolla est\u00e1 actualmente en tramitaci\u00f3n<\/a> . Tras la exposici\u00f3n p\u00fablica, debe pasar por el Consejo Nacional del Mercado de Valores y por el Consejo de Estado, antes de ser aprobado por el consejo de ministros, seg\u00fan explican fuentes del ministerio consultadas por <strong>Naci\u00f3n<\/strong> .<\/p>\n\n\n\n<p>La figura de comunidad de energ\u00edas renovables es la que corresponde a lo que popularmente se entiende como comunidad energ\u00e9tica y que, a diferencia de un grupo de vecinos, requiere tener una <strong>f\u00f3rmula jur\u00eddica<\/strong> . La m\u00e1s habitual es en forma de <strong>cooperativa de consumo<\/strong> , pero tambi\u00e9n podr\u00eda ser una <strong>SL<\/strong> -como <a rel=\"noreferrer noopener\" href=\"https:\/\/www.energiadelprat.cat\/\" target=\"_blank\">el caso de El Prat de Llobregat-<\/a> o simplemente una <strong>asociaci\u00f3n<\/strong> . As\u00ed queda definida en el borrador de Real Decreto en tramitaci\u00f3n.<\/p>\n\n\n\n<p class=\"has-text-align-center\"><em>Una comunidad de energ\u00edas renovables es una entidad jur\u00eddica basada en la participaci\u00f3n abierta y voluntaria, aut\u00f3noma y efectivamente controlada por socios o miembros que est\u00e1n situados en las proximidades de los proyectos de energ\u00edas renovables que sean propiedad de esa entidad jur\u00eddica (\u2026) y que su finalidad primordial sea proporcionar beneficios ambientales, econ\u00f3micos o sociales a sus socios o zonas locales donde operen, en vez de ganancias financieras.<\/em><\/p>\n\n\n\n<p>Por otra parte, las comunidades ciudadanas de energ\u00eda regulan <strong>modelos como el de <a href=\"https:\/\/www.somenergia.coop\/ca\/\" target=\"_blank\" rel=\"noreferrer noopener\">Som Energia<\/a><\/strong> , cooperativas de consumo de mayor dimensi\u00f3n que tambi\u00e9n pueden actuar como comercializadoras de energ\u00eda renovable.<\/p>\n\n\n\n<p>A estas alturas, seg\u00fan admite el <strong>Departamento de Acci\u00f3n Clim\u00e1tica<\/strong> , es imposible saber con exactitud cu\u00e1ntas hay en Catalunya, ya que aparte de determinar qu\u00e9 es una comunidad, no hay ning\u00fan <strong>registro oficial<\/strong> . En este sentido, el real decreto del ministerio prev\u00e9 la creaci\u00f3n de uno estatal, sin perjuicio de que cada comunidad tenga su listado.<\/p>\n\n\n\n<h2 class=\"wp-block-heading\">\u00bfC\u00f3mo funciona una comunidad energ\u00e9tica?<\/h2>\n\n\n\n<p>Las comunidades energ\u00e9ticas necesitan para funcionar una entidad jur\u00eddica. <strong>Ramon Roig<\/strong> , presidente del consejo rector de <a href=\"https:\/\/www.balenyasostenible.cat\/\" target=\"_blank\" rel=\"noreferrer noopener\"><strong>Baleny\u00e0 Sostenible<\/strong><\/a> , considera que la f\u00f3rmula que m\u00e1s se adecua es la de cooperativa de consumidores. En el caso de este municipio del sur de Osona, uno de los pioneros en Catalunya, los 170 socios iniciales realizaron una <strong>aportaci\u00f3n de capital de s\u00f3lo 50 euros<\/strong> para iniciar la actividad.<\/p>\n\n\n\n<p>Sin embargo, tambi\u00e9n hay varios casos que se ha optado por ser una asociaci\u00f3n, como es el caso de las dos primeras comunidades que han surgido en el <strong>Ripoll\u00e8s<\/strong> . \u00abEs un camino m\u00e1s r\u00e1pido que nos permit\u00eda optar a una l\u00ednea de ayudas\u00bb, explica <strong>Gaspar Tarrida<\/strong> , de <strong>Energ\u00eda Santjoanina<\/strong> . Sin embargo, ya han comenzado los tr\u00e1mites para convertirse en cooperativa. \u00abEl proceso es mucho m\u00e1s largo, pero para generar actividad econ\u00f3mica da mucha m\u00e1s seguridad jur\u00eddica a los socios\u00bb, a\u00f1ade Roig.<\/p>\n\n\n\n<p><img decoding=\"async\" src=\"https:\/\/dades.grupnaciodigital.cat\/redaccio\/arxius\/imatges\/202310\/1200_1697796082DJI_0363.JPG\"><\/p>\n\n\n\n<p><em>Muchas comunidades energ\u00e9ticas poseen cubiertas solares en edificios municipales. Foto: Cedida por Baleny\u00e0 Sostenible<\/em><br>Una vez constituidos formalmente, ya se pueden empezar a impulsar proyectos de transici\u00f3n energ\u00e9tica. En la gran mayor\u00eda de casos se ha optado por empezar por cubiertas solares. Municipios de Osona como Baleny\u00e0 y Olost fueron pioneros en establecer una f\u00f3rmula jur\u00eddica: el <strong>ayuntamiento cede el tejado de un equipamiento<\/strong> y es la comunidad la que construye y gestiona la instalaci\u00f3n fotovoltaica.<\/p>\n\n\n\n<p>A partir de aqu\u00ed se decide c\u00f3mo se <strong>reparte esta energ\u00eda<\/strong> . Una parte puede cederse al ayuntamiento -en el marco del contrato de cesi\u00f3n- y la otra se divide entre los socios de la cooperativa. Normalmente, a cada familia le corresponde entre 1 y 1,5 kW, para adecuarse al consumo de un hogar en horas de sol (cubriendo al menos un tercio del total). Adem\u00e1s, en algunos casos, se destina un porcentaje de energ\u00eda a familias vulnerables.<\/p>\n\n\n\n<h2 class=\"wp-block-heading\">\u00bfC\u00f3mo se financian las instalaciones de una comunidad energ\u00e9tica?<\/h2>\n\n\n\n<p>Salir adelante estas instalaciones <strong>no es barato<\/strong> . Una opci\u00f3n es que cada socio haga un aporte para salir adelante -cada kW de energ\u00eda solar fotovoltaica equivale aproximadamente a 1.000 euros-. Otra que han utilizado la primera ola de comunidades, <strong>aprovechando el contexto de los fondos Next Generation<\/strong> , han sido <a href=\"https:\/\/www.idae.es\/ayudas-y-financiacion\/comunidades-energeticas\/programa-de-incentivos-proyectos-piloto-singulares-de\" target=\"_blank\" rel=\"noreferrer noopener\">l\u00edneas de ayuda como los CE-Implementa<\/a> . Ahora bien, tener la ayuda concedida no significa disponer del dinero en la cuenta y, por este motivo, muchas veces debe recurrirse a la financiaci\u00f3n, por ejemplo con instrumentos del mundo cooperativo como <strong>Coop 57<\/strong> .<\/p>\n\n\n\n<p>Otra v\u00eda que se ha abierto recientemente, especialmente en las comarcas barcelonesas, ha sido que el ayuntamiento no s\u00f3lo <strong>ceda<\/strong> el tejado sino <strong>tambi\u00e9n la instalaci\u00f3n de la cubierta solar<\/strong> . Aprovechando el <a href=\"https:\/\/www.naciodigital.cat\/noticia\/250598\/energia-fotovoltaica-equipaments-municipals-pla-117-milions-euros\">ambicioso programa Renovables 2030 -la <strong>Diputaci\u00f3n de Barcelona<\/strong> invierte hasta 114 millones de euros-<\/a> , algunos municipios han optado por facilitar el desarrollo de las comunidades.<\/p>\n\n\n\n<p>\u201cInicialmente eran proyectos para abastecer a equipamientos municipales. Pero r\u00e1pidamente vimos que ten\u00eda todo el sentido del mundo que parte de la producci\u00f3n sirviera para los vecinos del entorno\u201d, explica <strong>Marc Serra Sol\u00e9<\/strong> , diputado de Acci\u00f3n Clim\u00e1tica del ente supramunicipal. De hecho, en la segunda convocatoria de Renovables 2030 la mayor\u00eda de propuestas ya estaban vinculadas a comunidades y en el nuevo programa -a\u00fan por definir- ser\u00e1 una <strong>condici\u00f3n necesaria<\/strong> as\u00ed como ceder parte de la energ\u00eda a familias vulnerables. Uno de los \u00e1mbitos de inversi\u00f3n, seg\u00fan avanza Serra Sol\u00e9 en <strong>Naci\u00f3n<\/strong> , ser\u00e1 el almacenamiento: <strong>bater\u00edas para poder consumir la energ\u00eda en horas sin sol<\/strong> .<\/p>\n\n\n\n<p>\u00abSon comunidades que comienzan dopadas\u00bb, explica gr\u00e1ficamente Gil Salvans, director t\u00e9cnico de la <strong>Agencia Local de la Energ\u00eda de Osona<\/strong> y alcalde de Olost. Considera que es una buena forma de acelerarlas, especialmente en pueblos peque\u00f1os. Destaca el caso de <strong><a rel=\"noreferrer noopener\" href=\"https:\/\/alpensenergia.cat\/\" target=\"_blank\">Alpens<\/a><\/strong> -270 habitantes y unos sesenta socios- donde este oto\u00f1o han instalado las placas en el edificio de la F\u00e0brica Vella. \u00abSer\u00e1 una comunidad que en dos o tres a\u00f1os ya podr\u00e1 estar trabajando por ejemplo en proyectos como un parque solar o aerotermia en las viviendas\u00bb, a\u00f1ade.<\/p>\n\n\n\n<p>En este sentido, todos los expertos consultados destacan la <strong>importancia de ir m\u00e1s all\u00e1 de las cubiertas fotovoltaicas<\/strong> y es que el grueso de las emisiones se producen en el <strong>\u00e1mbito t\u00e9rmico<\/strong> y la <strong>movilidad<\/strong> . En este sentido, los proyectos de segunda generaci\u00f3n de las comunidades m\u00e1s consolidadas pasan por implicar a las industrias y los comercios, al empezar a construir  <strong>parques solares sobre<\/strong>  terreno, al tener  <strong>peque\u00f1as flotas de veh\u00edculo el\u00e9ctrico compartido<\/strong>  as\u00ed como en  <strong>redes de calor y climatizaci\u00f3n centralizadas<\/strong>, a partir de energ\u00edas renovables como la geotermia o la biomasa forestal.<\/p>\n\n\n\n<p>Cada uno se acerca a una comunidad energ\u00e9tica por un motivo diferente, pero personas como Gaspar Tarrida <strong>ponen m\u00e1s el acento en la comunidad que en la energ\u00eda<\/strong> . \u201cQueremos transformar el modelo energ\u00e9tico, pero no s\u00f3lo eso. Tambi\u00e9n puede acabar trabajando o colaborando en cuestiones como el consumo agroecol\u00f3gico o el compostaje compartido, entre otros\u201d, explica en declaraciones a <strong>Naci\u00f3n<\/strong> .<\/p>\n\n\n\n<h2 class=\"wp-block-heading\">\u00bfC\u00f3mo se ayuda a las comunidades energ\u00e9ticas?<\/h2>\n\n\n\n<p>Uno de los problemas de la transici\u00f3n energ\u00e9tica -lo denuncian las grandes patronales, lo reconocen las instituciones y tambi\u00e9n lo sufren los ciudadanos que quieren hacer autoconsumo- son los <strong>tr\u00e1mites administrativos<\/strong> . \u00abEl sistema es <strong>dram\u00e1ticamente complejo<\/strong> \u00ab, asegura Ramon Roig, presidente de Baleny\u00e0 Sostenible, una cooperativa que ya <strong>ha movilizado unos dos millones<\/strong> entre proyectos ejecutados y concedidos.<\/p>\n\n\n\n<p>En este sentido, m\u00e1s all\u00e1 de disponer de grupos motores potentes, es necesario <strong>soporte profesional<\/strong> . En  <a href=\"https:\/\/www.naciodigital.cat\/noticia\/264159\/osona-accelerar-transicio-energetica-des-baix\"><strong>Osona<\/strong> se ha optado por la <strong>cooperativa de segundo grado<\/strong><\/a>  con el fin de asumir buena parte de estas tareas imposibles de realizar por parte de voluntarios mientras que  <a href=\"https:\/\/somcomunitats.coop\/\" target=\"_blank\" rel=\"noreferrer noopener\"><strong>Somos Comunidades<\/strong><\/a>  -proyecto de Som Energia, Som Mobilitat y la cooperativa de segundo grado e-Plural- ofrece  <em>software<\/em>  de gesti\u00f3n, aparte de promover nuevas iniciativas.<\/p>\n\n\n\n<p>Tambi\u00e9n est\u00e1n jugando un papel importante las <strong>oficinas comarcales de transici\u00f3n energ\u00e9tica<\/strong> , impulsadas por el <strong>Instituto Catal\u00e1n de la Energ\u00eda<\/strong> y que pretenden funcionar como ventanilla \u00fanica en este \u00e1mbito, uniendo recursos t\u00e9cnicos y materiales de otras administraciones como la Diputaci\u00f3n de Girona y los grupos Leader, entre otros.<\/p>\n\n\n\n<p>En el <strong>Ripoll\u00e8s<\/strong> , por ejemplo, han realizado un diagn\u00f3stico de qu\u00e9 cubiertas municipales se pueden utilizar para facilitar el trabajo de las primeras comunidades energ\u00e9ticas. Adem\u00e1s, en municipios muy peque\u00f1os donde es muy dif\u00edcil constituirlos, han optado por facilitar proyectos de autoconsumo compartido entre el ayuntamiento y grupos de vecinos.<\/p>\n\n\n\n<p>Por \u00faltimo, la propia <strong>Diputaci\u00f3n de Barcelona<\/strong> acaba de hacer una apuesta muy potente por promover las comunidades energ\u00e9ticas. M\u00e1s all\u00e1 de vincular las inversiones en energ\u00edas renovables a esta forma de autoorganizaci\u00f3n ciudadana, ha anunciado recientemente la <a href=\"https:\/\/www.naciodigital.cat\/noticia\/263625\/renovables-fort-impuls-comunitats-energetiques-barcelona\">puesta en funcionamiento de una <strong>oficina t\u00e9cnica<\/strong> con un <strong>presupuesto de 1,3 millones de euros<\/strong><\/a> .<\/p>\n\n\n\n<p>\u00abLas comunidades se enfrentan a <strong>muchas dudas<\/strong> legales, tecnol\u00f3gicas, de modelo de negocio as\u00ed como <strong>trabas burocr\u00e1ticas<\/strong> \u00ab, admite el diputado de Acci\u00f3n Clim\u00e1tica. En este sentido, pretenden <strong>acompa\u00f1ar<\/strong> tanto a los municipios como a la ciudadan\u00eda organizada para hacer posible los proyectos de transici\u00f3n energ\u00e9tica. Por el momento, han asesorado a una s\u00e9ptima de entidades \u201cen fase incipiente\u201d, pero el objetivo marcado es favorecer la <strong>constituci\u00f3n de 50 comunidades<\/strong> .<\/p>\n","protected":false},"excerpt":{"rendered":"<p>Publicado originalmente en Naci\u00f3 Digital Hace meses que se habla mucho de comunidades energ\u00e9ticas , a menudo con cierta confusi\u00f3n.<\/p>\n","protected":false},"author":1,"featured_media":16730,"comment_status":"closed","ping_status":"closed","sticky":false,"template":"","format":"standard","meta":{"_monsterinsights_skip_tracking":false,"_monsterinsights_sitenote_active":false,"_monsterinsights_sitenote_note":"","_monsterinsights_sitenote_category":0,"footnotes":""},"categories":[89],"tags":[93],"class_list":["post-16894","post","type-post","status-publish","format-standard","has-post-thumbnail","hentry","category-noticias-neo","tag-comunidades-energeticas"],"_links":{"self":[{"href":"https:\/\/novaenergiaosona.cat\/es\/wp-json\/wp\/v2\/posts\/16894","targetHints":{"allow":["GET"]}}],"collection":[{"href":"https:\/\/novaenergiaosona.cat\/es\/wp-json\/wp\/v2\/posts"}],"about":[{"href":"https:\/\/novaenergiaosona.cat\/es\/wp-json\/wp\/v2\/types\/post"}],"author":[{"embeddable":true,"href":"https:\/\/novaenergiaosona.cat\/es\/wp-json\/wp\/v2\/users\/1"}],"replies":[{"embeddable":true,"href":"https:\/\/novaenergiaosona.cat\/es\/wp-json\/wp\/v2\/comments?post=16894"}],"version-history":[{"count":3,"href":"https:\/\/novaenergiaosona.cat\/es\/wp-json\/wp\/v2\/posts\/16894\/revisions"}],"predecessor-version":[{"id":17351,"href":"https:\/\/novaenergiaosona.cat\/es\/wp-json\/wp\/v2\/posts\/16894\/revisions\/17351"}],"wp:featuredmedia":[{"embeddable":true,"href":"https:\/\/novaenergiaosona.cat\/es\/wp-json\/wp\/v2\/media\/16730"}],"wp:attachment":[{"href":"https:\/\/novaenergiaosona.cat\/es\/wp-json\/wp\/v2\/media?parent=16894"}],"wp:term":[{"taxonomy":"category","embeddable":true,"href":"https:\/\/novaenergiaosona.cat\/es\/wp-json\/wp\/v2\/categories?post=16894"},{"taxonomy":"post_tag","embeddable":true,"href":"https:\/\/novaenergiaosona.cat\/es\/wp-json\/wp\/v2\/tags?post=16894"}],"curies":[{"name":"wp","href":"https:\/\/api.w.org\/{rel}","templated":true}]}}