{"id":16893,"date":"2024-04-02T14:26:50","date_gmt":"2024-04-02T12:26:50","guid":{"rendered":"https:\/\/novaenergiaosona.cat\/2024\/04\/02\/osona-comarca-pionera-en-el-impulso-de-la-movilidad-electrica-compartida-y-la-transicion-energetica\/"},"modified":"2024-05-28T11:15:33","modified_gmt":"2024-05-28T09:15:33","slug":"osona-comarca-pionera-en-el-impulso-de-la-movilidad-electrica-compartida-y-la-transicion-energetica","status":"publish","type":"post","link":"https:\/\/novaenergiaosona.cat\/es\/2024\/04\/02\/osona-comarca-pionera-en-el-impulso-de-la-movilidad-electrica-compartida-y-la-transicion-energetica\/","title":{"rendered":"OSONA, COMARCA PIONERA EN EL IMPULSO DE LA MOVILIDAD EL\u00c9CTRICA COMPARTIDA Y LA TRANSICI\u00d3N ENERG\u00c9TICA"},"content":{"rendered":"\n<figure class=\"wp-block-table\"><table><tbody><tr><td><\/td><\/tr><\/tbody><\/table><figcaption class=\"wp-element-caption\">Noticia publicada en el bolet\u00edn de <a href=\"https:\/\/www.sommobilitat.coop\/\" data-type=\"link\" data-id=\"https:\/\/www.sommobilitat.coop\/\">Som Mobilitat<\/a><\/figcaption><\/figure>\n\n<figure class=\"wp-block-table\"><table><tbody><tr><td>Empezamos el a\u00f1o poniendo 8 nuevos coches el\u00e9ctricos en Vic y este mes de marzo hemos sumado 2 nuevos en la comarca (uno en Or\u00eds y uno en Santa Eugenia de Berga).<br\/><br\/>Osona es, sin duda, una de las comarcas catalanas que m\u00e1s est\u00e1 empujando la transici\u00f3n energ\u00e9tica de forma colectiva: existen numerosas comunidades energ\u00e9ticas organizadas en formato cooperativo y es uno de los lugares con m\u00e1s veh\u00edculos el\u00e9ctricos compartidos de Som Mobilitat (20 en total) .<br\/><br\/>Empezamos este bolet\u00edn con el objetivo de explicar la experiencia de Som Mobilitat en Osona, en espera de que sirva de inspiraci\u00f3n para otros territorios. Juntos avanzamos hacia una movilidad descarbonizada.<\/td><\/tr><\/tbody><\/table><\/figure>\n\n<figure class=\"wp-block-table\"><table><tbody><tr><td><strong>Vic, el primer municipio catal\u00e1n con un veh\u00edculo el\u00e9ctrico compartido a menos de 10 minutos a pie desde cualquier sitio<\/strong><\/td><\/tr><\/tbody><\/table><\/figure>\n\n<figure class=\"wp-block-table\"><table><tbody><tr><td><img decoding=\"async\" width=\"564\" src=\"https:\/\/mcusercontent.com\/7ba423d566460dfda63c0a00d\/images\/af01fd1e-3de0-aebc-9b74-a4c17b6ca753.jpg\"\/><\/td><\/tr><\/tbody><\/table><\/figure>\n\n<figure class=\"wp-block-table\"><table><tbody><tr><td>Distribuidos en 5 aparcamientos diferentes, los socios y socias de Som Mobilitat podemos alquilar cualquiera de los 15 veh\u00edculos del municipio las tardes y fines de semana. Estos veh\u00edculos (13 coches y 2 furgonetas) han sido la apuesta por la movilidad el\u00e9ctrica compartida de diversas organizaciones:  <br\/><strong>Ayuntamiento de Vic<\/strong> <br\/><strong>Universidad de Vic<\/strong> <br\/><strong>Consorcio Hospitalario de Vic<\/strong><\/td><\/tr><\/tbody><\/table><\/figure>\n\n<figure class=\"wp-block-table\"><table><tbody><tr><td><strong>Osona Acci\u00f3 Social, una nueva entidad que apuesta por Som Mobilitat para mover a sus trabajadores<\/strong><\/td><\/tr><\/tbody><\/table><\/figure>\n\n<figure class=\"wp-block-table\"><table><tbody><tr><td>Hemos puesto en marcha 2 de los 7 coches que pondr\u00e1 en servicio el Consorcio de Servicios Sociales de Osona por toda la comarca con el objetivo de hacer m\u00e1s sostenibles los desplazamientos de sus trabajadores en horario laboral.<br\/>Los dos primeros veh\u00edculos est\u00e1n ubicados en Or\u00eds y Santa Eug\u00e8nia de Berga y ya estamos trabajando en las futuras ubicaciones de la flota contratada.<\/td><\/tr><\/tbody><\/table><\/figure>\n\n<figure class=\"wp-block-table\"><table><tbody><tr><td><img decoding=\"async\" width=\"264\" src=\"https:\/\/mcusercontent.com\/7ba423d566460dfda63c0a00d\/images\/779ee326-3b0c-6f81-e6e0-878cb24d8ffd.jpg\"\/> <img decoding=\"async\" width=\"264\" src=\"https:\/\/mcusercontent.com\/7ba423d566460dfda63c0a00d\/images\/cb2a89b1-58fb-bd6d-d8c2-3578e5825933.jpeg\"\/><\/td><\/tr><\/tbody><\/table><\/figure>\n\n<figure class=\"wp-block-table\"><table><tbody><tr><td><strong>Somos Movilidad al servicio de las Comunidades Energ\u00e9ticas<\/strong><\/td><\/tr><\/tbody><\/table><\/figure>\n\n<figure class=\"wp-block-table\"><table><tbody><tr><td><img decoding=\"async\" width=\"564\" src=\"https:\/\/mcusercontent.com\/7ba423d566460dfda63c0a00d\/images\/b69eada5-0353-d3ab-0b1a-fb05ba31fcf8.jpeg\"\/><\/td><\/tr><\/tbody><\/table><\/figure>\n\n<figure class=\"wp-block-table\"><table><tbody><tr><td>La comunidad energ\u00e9tica de los Hostalets de Baleny\u00e0 (Baleny\u00e0 Sostenible) ha conectado su furgoneta el\u00e9ctrica a la app de Som Mobilitat para que, aparte de los propios socios de Baleny\u00e0 Sostenible, cualquier persona u organizaci\u00f3n socia de Som Mobilitat pueda alquilarla.<br\/><br\/>Somos Movilidad ofrecemos varios servicios para comunidades energ\u00e9ticas: <strong>Conectividad para los veh\u00edculos propiedad de la comunidad (P2P)<\/strong> : una buena manera de rentabilizar las inversiones de la comunidad energ\u00e9tica y, al mismo tiempo, sumar nuevos veh\u00edculos a la app de Som Mobilitat.  <strong>Alquiler de veh\u00edculos el\u00e9ctricos compartidos<\/strong> : los que se cargar\u00e1n con su propia electricidad a trav\u00e9s de proyectos de autoproducci\u00f3n.<\/td><\/tr><\/tbody><\/table><\/figure>\n","protected":false},"excerpt":{"rendered":"<p>Noticia publicada en el bolet\u00edn de Som Mobilitat Empezamos el a\u00f1o poniendo 8 nuevos coches el\u00e9ctricos en Vic y este<\/p>\n","protected":false},"author":2,"featured_media":16761,"comment_status":"closed","ping_status":"open","sticky":false,"template":"","format":"standard","meta":{"_monsterinsights_skip_tracking":false,"_monsterinsights_sitenote_active":false,"_monsterinsights_sitenote_note":"","_monsterinsights_sitenote_category":0,"footnotes":""},"categories":[89],"tags":[95],"class_list":["post-16893","post","type-post","status-publish","format-standard","has-post-thumbnail","hentry","category-noticias-neo","tag-movilidad"],"_links":{"self":[{"href":"https:\/\/novaenergiaosona.cat\/es\/wp-json\/wp\/v2\/posts\/16893","targetHints":{"allow":["GET"]}}],"collection":[{"href":"https:\/\/novaenergiaosona.cat\/es\/wp-json\/wp\/v2\/posts"}],"about":[{"href":"https:\/\/novaenergiaosona.cat\/es\/wp-json\/wp\/v2\/types\/post"}],"author":[{"embeddable":true,"href":"https:\/\/novaenergiaosona.cat\/es\/wp-json\/wp\/v2\/users\/2"}],"replies":[{"embeddable":true,"href":"https:\/\/novaenergiaosona.cat\/es\/wp-json\/wp\/v2\/comments?post=16893"}],"version-history":[{"count":6,"href":"https:\/\/novaenergiaosona.cat\/es\/wp-json\/wp\/v2\/posts\/16893\/revisions"}],"predecessor-version":[{"id":17285,"href":"https:\/\/novaenergiaosona.cat\/es\/wp-json\/wp\/v2\/posts\/16893\/revisions\/17285"}],"wp:featuredmedia":[{"embeddable":true,"href":"https:\/\/novaenergiaosona.cat\/es\/wp-json\/wp\/v2\/media\/16761"}],"wp:attachment":[{"href":"https:\/\/novaenergiaosona.cat\/es\/wp-json\/wp\/v2\/media?parent=16893"}],"wp:term":[{"taxonomy":"category","embeddable":true,"href":"https:\/\/novaenergiaosona.cat\/es\/wp-json\/wp\/v2\/categories?post=16893"},{"taxonomy":"post_tag","embeddable":true,"href":"https:\/\/novaenergiaosona.cat\/es\/wp-json\/wp\/v2\/tags?post=16893"}],"curies":[{"name":"wp","href":"https:\/\/api.w.org\/{rel}","templated":true}]}}