{"id":16886,"date":"2023-10-20T11:47:09","date_gmt":"2023-10-20T09:47:09","guid":{"rendered":"https:\/\/novaenergiaosona.cat\/2023\/10\/20\/los-obstaculos-burocraticos-amenazan-la-transicion-energetica-ciudadana\/"},"modified":"2024-05-28T13:13:22","modified_gmt":"2024-05-28T11:13:22","slug":"los-obstaculos-burocraticos-amenazan-la-transicion-energetica-ciudadana","status":"publish","type":"post","link":"https:\/\/novaenergiaosona.cat\/es\/2023\/10\/20\/los-obstaculos-burocraticos-amenazan-la-transicion-energetica-ciudadana\/","title":{"rendered":"Los obst\u00e1culos burocr\u00e1ticos amenazan la Transici\u00f3n Energ\u00e9tica ciudadana"},"content":{"rendered":"\n<p>(Noticia publicada en <a href=\"https:\/\/el9nou.cat\/video\/els-obstacles-a-lautoconsum-compartit-amenacen-lavenc-de-la-transicio-energetica-a-osona\/\">El 9 Nou<\/a> )<\/p>\n\n\n\n<figure class=\"wp-block-embed is-type-video is-provider-youtube wp-block-embed-youtube wp-embed-aspect-16-9 wp-has-aspect-ratio\"><div class=\"wp-block-embed__wrapper\">\n<iframe title=\"Els obstacles a l&#039;autoconsum compartit amenacen l&#039;aven\u00e7 de la transici\u00f3 energ\u00e8tica a Osona\" width=\"500\" height=\"281\" src=\"https:\/\/www.youtube.com\/embed\/BYEYTla1_5g?feature=oembed\" frameborder=\"0\" allow=\"accelerometer; autoplay; clipboard-write; encrypted-media; gyroscope; picture-in-picture; web-share\" referrerpolicy=\"strict-origin-when-cross-origin\" allowfullscreen><\/iframe>\n<\/div><\/figure>\n\n\n\n<p>En Osona y en el Llu\u00e7an\u00e8s actualmente hay veinticuatro comunidades energ\u00e9ticas constituidas. Las que est\u00e1n en un punto m\u00e1s avanzado son las de Baleny\u00e0, Santa Eul\u00e0lia de Riuprimer y Sant Vicen\u00e7 de Torell\u00f3, que ya tienen las placas fotovoltaicas colocadas. Pero ninguna de estas comunidades puede abastecerse todav\u00eda de su propia energ\u00eda. Se est\u00e1n encontrando con trabas burocr\u00e1ticas y obst\u00e1culos derivados, en parte, de la novedad de este modelo de consumo, pero tambi\u00e9n de las reticencias de las grandes compa\u00f1\u00edas distribuidoras. Esta circunstancia, que afecta a las comunidades energ\u00e9ticas y tambi\u00e9n a ciudadanos a t\u00edtulo individual, est\u00e1 frenando el empuje de la transici\u00f3n energ\u00e9tica en Osona, que hasta ahora ha sido una comarca referente en Catalu\u00f1a.<br>INFORMEN: Txell Vilamala y Natalia Pescado<\/p>\n","protected":false},"excerpt":{"rendered":"<p>(Noticia publicada en El 9 Nou ) En Osona y en el Llu\u00e7an\u00e8s actualmente hay veinticuatro comunidades energ\u00e9ticas constituidas. Las<\/p>\n","protected":false},"author":1,"featured_media":16723,"comment_status":"closed","ping_status":"closed","sticky":false,"template":"","format":"standard","meta":{"_monsterinsights_skip_tracking":false,"_monsterinsights_sitenote_active":false,"_monsterinsights_sitenote_note":"","_monsterinsights_sitenote_category":0,"footnotes":""},"categories":[89],"tags":[93],"class_list":["post-16886","post","type-post","status-publish","format-standard","has-post-thumbnail","hentry","category-noticias-neo","tag-comunidades-energeticas"],"_links":{"self":[{"href":"https:\/\/novaenergiaosona.cat\/es\/wp-json\/wp\/v2\/posts\/16886","targetHints":{"allow":["GET"]}}],"collection":[{"href":"https:\/\/novaenergiaosona.cat\/es\/wp-json\/wp\/v2\/posts"}],"about":[{"href":"https:\/\/novaenergiaosona.cat\/es\/wp-json\/wp\/v2\/types\/post"}],"author":[{"embeddable":true,"href":"https:\/\/novaenergiaosona.cat\/es\/wp-json\/wp\/v2\/users\/1"}],"replies":[{"embeddable":true,"href":"https:\/\/novaenergiaosona.cat\/es\/wp-json\/wp\/v2\/comments?post=16886"}],"version-history":[{"count":3,"href":"https:\/\/novaenergiaosona.cat\/es\/wp-json\/wp\/v2\/posts\/16886\/revisions"}],"predecessor-version":[{"id":17352,"href":"https:\/\/novaenergiaosona.cat\/es\/wp-json\/wp\/v2\/posts\/16886\/revisions\/17352"}],"wp:featuredmedia":[{"embeddable":true,"href":"https:\/\/novaenergiaosona.cat\/es\/wp-json\/wp\/v2\/media\/16723"}],"wp:attachment":[{"href":"https:\/\/novaenergiaosona.cat\/es\/wp-json\/wp\/v2\/media?parent=16886"}],"wp:term":[{"taxonomy":"category","embeddable":true,"href":"https:\/\/novaenergiaosona.cat\/es\/wp-json\/wp\/v2\/categories?post=16886"},{"taxonomy":"post_tag","embeddable":true,"href":"https:\/\/novaenergiaosona.cat\/es\/wp-json\/wp\/v2\/tags?post=16886"}],"curies":[{"name":"wp","href":"https:\/\/api.w.org\/{rel}","templated":true}]}}