{"id":16885,"date":"2024-02-15T08:39:59","date_gmt":"2024-02-15T07:39:59","guid":{"rendered":"https:\/\/novaenergiaosona.cat\/2024\/02\/15\/la-transicion-energetica-avanza-a-un-ritmo-desigual\/"},"modified":"2024-05-28T13:11:03","modified_gmt":"2024-05-28T11:11:03","slug":"la-transicion-energetica-avanza-a-un-ritmo-desigual","status":"publish","type":"post","link":"https:\/\/novaenergiaosona.cat\/es\/2024\/02\/15\/la-transicion-energetica-avanza-a-un-ritmo-desigual\/","title":{"rendered":"La transici\u00f3n energ\u00e9tica avanza a un ritmo desigual"},"content":{"rendered":"\n<p>Durante 2023 se han intensificado los ritmos de la transici\u00f3n energ\u00e9tica: por un lado, las comunidades energ\u00e9ticas siguen creciendo y consolid\u00e1ndose, y tambi\u00e9n lo est\u00e1 haciendo el autoconsumo individual; por el contrario, los autoconsumos compartidos se atascan y los consumos t\u00e9rmicos y de movilidad dif\u00edcilmente pasan a fuentes renovables.<\/p>\n\n\n\n<p>Echemos una mirada a c\u00f3mo ha ido el a\u00f1o que hemos pasado ya c\u00f3mo se presenta el futuro en esta nueva edici\u00f3n del NEONews.<\/p>\n\n\n\n<p>Lee <a href=\"http:\/\/novaenergiaosona.cat\/wp-content\/uploads\/2024\/02\/NEONEWS_3.pdf\" data-type=\"link\" data-id=\"http:\/\/novaenergiaosona.cat\/wp-content\/uploads\/2024\/02\/NEONEWS_3.pdf\">aqu\u00ed<\/a><\/p>\n","protected":false},"excerpt":{"rendered":"<p>Durante 2023 se han intensificado los ritmos de la transici\u00f3n energ\u00e9tica: por un lado, las comunidades energ\u00e9ticas siguen creciendo y<\/p>\n","protected":false},"author":2,"featured_media":16760,"comment_status":"closed","ping_status":"open","sticky":false,"template":"","format":"standard","meta":{"_monsterinsights_skip_tracking":false,"_monsterinsights_sitenote_active":false,"_monsterinsights_sitenote_note":"","_monsterinsights_sitenote_category":0,"footnotes":""},"categories":[89,90],"tags":[92],"class_list":["post-16885","post","type-post","status-publish","format-standard","has-post-thumbnail","hentry","category-noticias-neo","category-noticias-otc","tag-neonews-es"],"_links":{"self":[{"href":"https:\/\/novaenergiaosona.cat\/es\/wp-json\/wp\/v2\/posts\/16885","targetHints":{"allow":["GET"]}}],"collection":[{"href":"https:\/\/novaenergiaosona.cat\/es\/wp-json\/wp\/v2\/posts"}],"about":[{"href":"https:\/\/novaenergiaosona.cat\/es\/wp-json\/wp\/v2\/types\/post"}],"author":[{"embeddable":true,"href":"https:\/\/novaenergiaosona.cat\/es\/wp-json\/wp\/v2\/users\/2"}],"replies":[{"embeddable":true,"href":"https:\/\/novaenergiaosona.cat\/es\/wp-json\/wp\/v2\/comments?post=16885"}],"version-history":[{"count":4,"href":"https:\/\/novaenergiaosona.cat\/es\/wp-json\/wp\/v2\/posts\/16885\/revisions"}],"predecessor-version":[{"id":17349,"href":"https:\/\/novaenergiaosona.cat\/es\/wp-json\/wp\/v2\/posts\/16885\/revisions\/17349"}],"wp:featuredmedia":[{"embeddable":true,"href":"https:\/\/novaenergiaosona.cat\/es\/wp-json\/wp\/v2\/media\/16760"}],"wp:attachment":[{"href":"https:\/\/novaenergiaosona.cat\/es\/wp-json\/wp\/v2\/media?parent=16885"}],"wp:term":[{"taxonomy":"category","embeddable":true,"href":"https:\/\/novaenergiaosona.cat\/es\/wp-json\/wp\/v2\/categories?post=16885"},{"taxonomy":"post_tag","embeddable":true,"href":"https:\/\/novaenergiaosona.cat\/es\/wp-json\/wp\/v2\/tags?post=16885"}],"curies":[{"name":"wp","href":"https:\/\/api.w.org\/{rel}","templated":true}]}}