{"id":16881,"date":"2023-07-17T07:01:03","date_gmt":"2023-07-17T05:01:03","guid":{"rendered":"https:\/\/novaenergiaosona.cat\/2023\/07\/17\/de-osona-en-el-parlamento-europeo\/"},"modified":"2024-05-28T13:17:38","modified_gmt":"2024-05-28T11:17:38","slug":"de-osona-en-el-parlamento-europeo","status":"publish","type":"post","link":"https:\/\/novaenergiaosona.cat\/es\/2023\/07\/17\/de-osona-en-el-parlamento-europeo\/","title":{"rendered":"De Osona en el Parlamento Europeo"},"content":{"rendered":"\n<p>Una representaci\u00f3n de cargos locales de Osona y de OECoop se ha desplazado a Bruselas para dar a conocer el modelo osonense de comunidades energ\u00e9ticas y su fuerte implantaci\u00f3n en la comarca.<\/p>\n\n<p>Han podido compartir la experiencia con eurodiputados y miembros de la Comisi\u00f3n Europea, que han mostrado su inter\u00e9s y han invitado a OECoop al pr\u00f3ximo encuentro de comunidades energ\u00e9ticas que se celebrar\u00e1 en Dubl\u00edn este oto\u00f1o. Tambi\u00e9n ha habido una sesi\u00f3n con Rescoop, la federaci\u00f3n europea de comunidades energ\u00e9ticas.<\/p>\n\n<figure class=\"wp-block-embed is-type-video is-provider-youtube wp-block-embed-youtube wp-embed-aspect-16-9 wp-has-aspect-ratio\"><div class=\"wp-block-embed__wrapper\">\n<iframe title=\"D&#039;Osona al Parlament Europeu\" width=\"500\" height=\"281\" src=\"https:\/\/www.youtube.com\/embed\/js5iI28sInI?feature=oembed\" frameborder=\"0\" allow=\"accelerometer; autoplay; clipboard-write; encrypted-media; gyroscope; picture-in-picture; web-share\" referrerpolicy=\"strict-origin-when-cross-origin\" allowfullscreen><\/iframe>\n<\/div><\/figure>\n","protected":false},"excerpt":{"rendered":"<p>Una representaci\u00f3n de cargos locales de Osona y de OECoop se ha desplazado a Bruselas para dar a conocer el<\/p>\n","protected":false},"author":1,"featured_media":16737,"comment_status":"closed","ping_status":"closed","sticky":false,"template":"","format":"standard","meta":{"_monsterinsights_skip_tracking":false,"_monsterinsights_sitenote_active":false,"_monsterinsights_sitenote_note":"","_monsterinsights_sitenote_category":0,"footnotes":""},"categories":[89],"tags":[93,94],"class_list":["post-16881","post","type-post","status-publish","format-standard","has-post-thumbnail","hentry","category-noticias-neo","tag-comunidades-energeticas","tag-union-europea"],"_links":{"self":[{"href":"https:\/\/novaenergiaosona.cat\/es\/wp-json\/wp\/v2\/posts\/16881","targetHints":{"allow":["GET"]}}],"collection":[{"href":"https:\/\/novaenergiaosona.cat\/es\/wp-json\/wp\/v2\/posts"}],"about":[{"href":"https:\/\/novaenergiaosona.cat\/es\/wp-json\/wp\/v2\/types\/post"}],"author":[{"embeddable":true,"href":"https:\/\/novaenergiaosona.cat\/es\/wp-json\/wp\/v2\/users\/1"}],"replies":[{"embeddable":true,"href":"https:\/\/novaenergiaosona.cat\/es\/wp-json\/wp\/v2\/comments?post=16881"}],"version-history":[{"count":3,"href":"https:\/\/novaenergiaosona.cat\/es\/wp-json\/wp\/v2\/posts\/16881\/revisions"}],"predecessor-version":[{"id":17357,"href":"https:\/\/novaenergiaosona.cat\/es\/wp-json\/wp\/v2\/posts\/16881\/revisions\/17357"}],"wp:featuredmedia":[{"embeddable":true,"href":"https:\/\/novaenergiaosona.cat\/es\/wp-json\/wp\/v2\/media\/16737"}],"wp:attachment":[{"href":"https:\/\/novaenergiaosona.cat\/es\/wp-json\/wp\/v2\/media?parent=16881"}],"wp:term":[{"taxonomy":"category","embeddable":true,"href":"https:\/\/novaenergiaosona.cat\/es\/wp-json\/wp\/v2\/categories?post=16881"},{"taxonomy":"post_tag","embeddable":true,"href":"https:\/\/novaenergiaosona.cat\/es\/wp-json\/wp\/v2\/tags?post=16881"}],"curies":[{"name":"wp","href":"https:\/\/api.w.org\/{rel}","templated":true}]}}