{"id":16872,"date":"2018-10-03T10:34:17","date_gmt":"2018-10-03T08:34:17","guid":{"rendered":"https:\/\/novaenergiaosona.cat\/2018\/10\/03\/16-municipios-de-osona-ya-tienen-comunidades-energeticas-constituidas-o-en-fase-de-creacion\/"},"modified":"2024-05-28T13:26:26","modified_gmt":"2024-05-28T11:26:26","slug":"16-municipios-de-osona-ya-tienen-comunidades-energeticas-constituidas-o-en-fase-de-creacion","status":"publish","type":"post","link":"https:\/\/novaenergiaosona.cat\/es\/2018\/10\/03\/16-municipios-de-osona-ya-tienen-comunidades-energeticas-constituidas-o-en-fase-de-creacion\/","title":{"rendered":"16 municipios de Osona ya tienen comunidades energ\u00e9ticas constituidas o en fase de creaci\u00f3n"},"content":{"rendered":"<p>[vc_row][vc_column css=\u00bb.vc_custom_1537371577868{padding-right: 0px !important;padding-left: 0px !important;}\u00bb][vc_column_text]<\/p>\n<ul>\n<li>Una cuarentena de personas participaron en el primer Encuentro de Comunidades Energ\u00e9ticas de Osona organizado por el Consell Comarcal<\/li>\n<li>La sesi\u00f3n, que se celebr\u00f3 en formato telem\u00e1tico a causa de la pandemia, sirvi\u00f3 para compartir experiencias, objetivos y proyectos.<\/li>\n<\/ul>\n<p>El Consejo Comarcal de Osona organiz\u00f3 este mi\u00e9rcoles 12 de enero el <strong>primer encuentro de Comunidades Energ\u00e9ticas de Osona<\/strong> en el que participaron una cuarentena de personas y un total de 16 comunidades energ\u00e9ticas creadas o en fase de creaci\u00f3n. Esta primera sesi\u00f3n fue un punto de reuni\u00f3n para empezar a intercambiar experiencias, compartir conocimientos y alinear estrategias y objetivos.<\/p>\n<p>En enero de 2022, en Osona ya est\u00e1n creadas las comunidades energ\u00e9ticas -en forma de cooperativa de consumo- en Sant Pere de Torell\u00f3, Baleny\u00e0, Olost, Santa Eulalia de Riuprimer, Sant Juli\u00e0 de Vilatorta y Taradell. El objetivo principal de estas cooperativas es el impulso de la transici\u00f3n energ\u00e9tica a sus municipios de forma democr\u00e1tica y participada por vecinos y vecinas. En el encuentro de este mi\u00e9rcoles, aparte de las cooperativas ya creadas tambi\u00e9n participaron representantes de las futuras comunidades de Gurb, Tona, Folgueroles, Tav\u00e8rnoles, Malla, Alpens, Vilanova de Sau, Calldetenes, San Vicente de Torell\u00f3 y Prats de Llu\u00e7an\u00e9s. Cada una de ellas explic\u00f3 su situaci\u00f3n, los proyectos que est\u00e1n impulsando y sus principales objetivos, y entre todas pudieron compartir documentos y experiencias de trabajo.<\/p>\n<p>El encuentro dio pie a la presentaci\u00f3n del proyecto <strong>NEO (Nueva Energ\u00eda Osona)<\/strong> que es el nombre escogido por el proyecto OsonaECOTransici\u00f340% que el Consejo Comarcal de Osona aprob\u00f3 en 2021. La presentaci\u00f3n, que corri\u00f3 a cargo del concejal de San Pedro de Torell\u00f3, Ermen Llobet, sirvi\u00f3 para contextualizar y poner en valor uno de los grandes retos primordiales de la transici\u00f3n energ\u00e9tica en Osona: el impulso de 50 comunidades energ\u00e9ticas en la comarca .<\/p>\n<p>Seguidamente, Gil Salvans de la Agencia Local de la Energ\u00eda explic\u00f3 algunos de los proyectos de autoconsumo compartido que est\u00e1n impulsando las cooperativas de Baleny\u00e0, Riuprimer u Olost, y tambi\u00e9n avanz\u00f3 c\u00f3mo est\u00e1 prevista la financiaci\u00f3n de estos proyectos y c\u00f3mo son los contratos entre socios y cooperativa.<\/p>\n<p>En el marco de la jornada, Blanca Pellicer present\u00f3 el Ateneo Cooperativo de la Catalu\u00f1a Central como espacio de referencia en el territorio para fomentar el aprendizaje, la cooperaci\u00f3n y la transformaci\u00f3n social y para contribuir al fortalecimiento y crecimiento de la actividad econ\u00f3mica, y propuso sumar esfuerzos entre Ateniu y los proyectos de Osona.<\/p>\n<p>Por \u00faltimo, el presidente de la cooperativa Baleny\u00e0 Sostenible SCCL, Ramon Roig, puso sobre la mesa la necesidad de crear una cooperativa de segundo grado en la comarca. Un ente que deber\u00eda estar formado por el resto de cooperativas de Osona para crear estructuras profesionalizadas y maximizar la eficiencia del proyecto y sus costes. En su presentaci\u00f3n detall\u00f3 cu\u00e1les son los requisitos m\u00ednimos para su creaci\u00f3n.<\/p>\n<p>Y en la sesi\u00f3n de clausura, a cargo de la vicepresidenta 3\u00aa del Consejo Comarcal de Osona, Margarida Feliu (Vicepresidenta 3\u00aa del Consejo Comarcal de Osona) todas las comunidades energ\u00e9ticas y el Consejo Comarcal se emplazaron a realizar un nuevo encuentro y jornada de trabajo en el marco de la Feria de la Energ\u00eda y la Construcci\u00f3n Sostenible (FECS) que tendr\u00e1 lugar en Vic los pr\u00f3ximos 17, 18 y 19 de febrero de 2022.<\/p>\n<p><a href=\"https:\/\/www.youtube.com\/watch?v=OWn9_ACOZFg\" target=\"_blank\" rel=\"noopener\"><strong>Visualiza el v\u00eddeo del encuentro en este enlace  <\/strong><\/a>[\/vc_column_text][\/vc_column][\/vc_row]<\/p>\n","protected":false},"excerpt":{"rendered":"<p>El Consejo Comarcal de Osona organiz\u00f3 este mi\u00e9rcoles 12 de enero el primer encuentro de Comunidades Energ\u00e9ticas de Osona.<\/p>\n","protected":false},"author":1,"featured_media":16736,"comment_status":"closed","ping_status":"closed","sticky":false,"template":"","format":"standard","meta":{"_monsterinsights_skip_tracking":false,"_monsterinsights_sitenote_active":false,"_monsterinsights_sitenote_note":"","_monsterinsights_sitenote_category":0,"footnotes":""},"categories":[89],"tags":[],"class_list":["post-16872","post","type-post","status-publish","format-standard","has-post-thumbnail","hentry","category-noticias-neo"],"_links":{"self":[{"href":"https:\/\/novaenergiaosona.cat\/es\/wp-json\/wp\/v2\/posts\/16872","targetHints":{"allow":["GET"]}}],"collection":[{"href":"https:\/\/novaenergiaosona.cat\/es\/wp-json\/wp\/v2\/posts"}],"about":[{"href":"https:\/\/novaenergiaosona.cat\/es\/wp-json\/wp\/v2\/types\/post"}],"author":[{"embeddable":true,"href":"https:\/\/novaenergiaosona.cat\/es\/wp-json\/wp\/v2\/users\/1"}],"replies":[{"embeddable":true,"href":"https:\/\/novaenergiaosona.cat\/es\/wp-json\/wp\/v2\/comments?post=16872"}],"version-history":[{"count":1,"href":"https:\/\/novaenergiaosona.cat\/es\/wp-json\/wp\/v2\/posts\/16872\/revisions"}],"predecessor-version":[{"id":16873,"href":"https:\/\/novaenergiaosona.cat\/es\/wp-json\/wp\/v2\/posts\/16872\/revisions\/16873"}],"wp:featuredmedia":[{"embeddable":true,"href":"https:\/\/novaenergiaosona.cat\/es\/wp-json\/wp\/v2\/media\/16736"}],"wp:attachment":[{"href":"https:\/\/novaenergiaosona.cat\/es\/wp-json\/wp\/v2\/media?parent=16872"}],"wp:term":[{"taxonomy":"category","embeddable":true,"href":"https:\/\/novaenergiaosona.cat\/es\/wp-json\/wp\/v2\/categories?post=16872"},{"taxonomy":"post_tag","embeddable":true,"href":"https:\/\/novaenergiaosona.cat\/es\/wp-json\/wp\/v2\/tags?post=16872"}],"curies":[{"name":"wp","href":"https:\/\/api.w.org\/{rel}","templated":true}]}}