{"id":16805,"date":"2022-09-30T16:53:28","date_gmt":"2022-09-30T14:53:28","guid":{"rendered":"https:\/\/novaenergiaosona.cat\/2022\/09\/30\/en-2023-una-decena-de-depuradoras-de-osona-ya-funcionaran-con-un-20-de-autoconsumo-de-energia-solar\/"},"modified":"2024-05-13T11:49:19","modified_gmt":"2024-05-13T09:49:19","slug":"en-2023-una-decena-de-depuradoras-de-osona-ya-funcionaran-con-un-20-de-autoconsumo-de-energia-solar","status":"publish","type":"post","link":"https:\/\/novaenergiaosona.cat\/es\/2022\/09\/30\/en-2023-una-decena-de-depuradoras-de-osona-ya-funcionaran-con-un-20-de-autoconsumo-de-energia-solar\/","title":{"rendered":"En 2023 una decena de depuradoras de Osona ya funcionar\u00e1n con un 20% de autoconsumo de energ\u00eda solar"},"content":{"rendered":"\n<p><strong>El Consejo Comarcal y Depuradoras de Osona trabajan para que en el 2023 en la comarca ya haya una decena de Estaciones Depuradoras de Aguas Residuales (EDAR) que funcionen con energ\u00eda limpia. En medio a\u00f1o, Depuradores de Osona ha notado un incremento del 256% del precio de la energ\u00eda.<\/strong><\/p>\n\n<p>El Consejo Comarcal de Osona (CCO) aprob\u00f3 este mi\u00e9rcoles en sesi\u00f3n plenaria el proyecto de una instalaci\u00f3n fotovoltaica en la Estaci\u00f3n Depuradora de Aguas Residuales (EDAR) de Manlleu. En el terreno del recinto y en el tejado del edificio se instalar\u00e1n 506 placas solares de 445 Wp con una potencia nominal de 225 kW. Est\u00e1 previsto que estas placas produzcan cerca de 300.000 kWh anuales, cubriendo as\u00ed un 23,8% de la demanda energ\u00e9tica de la EDAR. Es decir, pr\u00e1cticamente una cuarta parte de la energ\u00eda que consume la depuradora ser\u00e1 de autoconsumo de la electricidad generada con la instalaci\u00f3n fotovoltaica.<\/p>\n\n<p><strong>Diez depuradoras ya funcionar\u00e1n en autoconsumo en el 2023<\/strong><\/p>\n\n<p>El Consejo Comarcal de Osona y Depuradoras de Osona, la empresa mixta que gestiona las instalaciones de depuraci\u00f3n de aguas residuales urbanas de la comarca, empezaron a colocar placas fotovoltaicas en las depuradoras a finales del a\u00f1o 2021. La primera actuaci\u00f3n fue en la EDAR de Centelles y, seguidamente, en la EDAR de Taradell.<\/p>\n\n<p>Durante 2022, se han aprobado los proyectos de instalaci\u00f3n de placas solares en las EDAR de Vic, Tona y Manlleu. Tambi\u00e9n est\u00e1n en fase de aprobaci\u00f3n y redacci\u00f3n los proyectos de las depuradoras del Valle del Ges, Prats de Llu\u00e7an\u00e8s y Folgueroles. En todos estos casos, se conseguir\u00e1 al menos un 20 de autoconsumo. Se est\u00e1 trabajando tambi\u00e9n para conseguir un 100% de autosuficiencia en las plantas peque\u00f1as, como la de Vilalleons y Sant Mart\u00ed de Albars. Estos proyectos supondr\u00e1n una reducci\u00f3n del gasto energ\u00e9tico dado que en medio a\u00f1o Depuradores de Osona ha notado un incremento del coste de la energ\u00eda del 256%.<\/p>\n\n<p>\u00c9sta es una acci\u00f3n m\u00e1s para el fomento de las pol\u00edticas de transici\u00f3n energ\u00e9tica y de las energ\u00edas renovables para generar autoconsumo en los edificios p\u00fablicos y privados, que es uno de los puntos estrat\u00e9gicos clave de este mandato pol\u00edtico del ente. Asimismo, es una medida que se adopta desde el ciclo del agua para reducir los gastos de energ\u00eda el\u00e9ctrica de las instalaciones de saneamiento.<\/p>\n\n<p><strong>Se revisan al alza las tarifas de agua hacia los ayuntamientos<\/strong><\/p>\n\n<p>La s\u00e9ptima sesi\u00f3n plenaria del a\u00f1o del Consejo Comarcal de Osona tambi\u00e9n ha aprobado esta semana la revisi\u00f3n al alza las tarifas de Aig\u00fces de Osona hacia los ayuntamientos. La medida se ha consensuado con la Agencia Catalana del Agua y con los municipios a los que se da servicio de abastecimiento de agua en alta para compensar el enorme incremento del gasto el\u00e9ctrico (debido a la subida general del precio de la electricidad ya la propia inestabilidad del mismo).<\/p>\n","protected":false},"excerpt":{"rendered":"<p>El Consejo Comarcal y Depuradoras de Osona trabajan para que en el 2023 en la comarca ya haya una decena<\/p>\n","protected":false},"author":1,"featured_media":16728,"comment_status":"closed","ping_status":"closed","sticky":false,"template":"","format":"standard","meta":{"_monsterinsights_skip_tracking":false,"_monsterinsights_sitenote_active":false,"_monsterinsights_sitenote_note":"","_monsterinsights_sitenote_category":0,"footnotes":""},"categories":[89],"tags":[],"class_list":["post-16805","post","type-post","status-publish","format-standard","has-post-thumbnail","hentry","category-noticias-neo"],"_links":{"self":[{"href":"https:\/\/novaenergiaosona.cat\/es\/wp-json\/wp\/v2\/posts\/16805","targetHints":{"allow":["GET"]}}],"collection":[{"href":"https:\/\/novaenergiaosona.cat\/es\/wp-json\/wp\/v2\/posts"}],"about":[{"href":"https:\/\/novaenergiaosona.cat\/es\/wp-json\/wp\/v2\/types\/post"}],"author":[{"embeddable":true,"href":"https:\/\/novaenergiaosona.cat\/es\/wp-json\/wp\/v2\/users\/1"}],"replies":[{"embeddable":true,"href":"https:\/\/novaenergiaosona.cat\/es\/wp-json\/wp\/v2\/comments?post=16805"}],"version-history":[{"count":2,"href":"https:\/\/novaenergiaosona.cat\/es\/wp-json\/wp\/v2\/posts\/16805\/revisions"}],"predecessor-version":[{"id":16814,"href":"https:\/\/novaenergiaosona.cat\/es\/wp-json\/wp\/v2\/posts\/16805\/revisions\/16814"}],"wp:featuredmedia":[{"embeddable":true,"href":"https:\/\/novaenergiaosona.cat\/es\/wp-json\/wp\/v2\/media\/16728"}],"wp:attachment":[{"href":"https:\/\/novaenergiaosona.cat\/es\/wp-json\/wp\/v2\/media?parent=16805"}],"wp:term":[{"taxonomy":"category","embeddable":true,"href":"https:\/\/novaenergiaosona.cat\/es\/wp-json\/wp\/v2\/categories?post=16805"},{"taxonomy":"post_tag","embeddable":true,"href":"https:\/\/novaenergiaosona.cat\/es\/wp-json\/wp\/v2\/tags?post=16805"}],"curies":[{"name":"wp","href":"https:\/\/api.w.org\/{rel}","templated":true}]}}