{"id":16800,"date":"2022-02-17T15:42:07","date_gmt":"2022-02-17T14:42:07","guid":{"rendered":"https:\/\/novaenergiaosona.cat\/2022\/02\/17\/osona-acogera-la-plataforma-de-integracion-de-energias-renovables-y-almacenamiento-del-irec\/"},"modified":"2024-05-13T11:49:15","modified_gmt":"2024-05-13T09:49:15","slug":"osona-acogera-la-plataforma-de-integracion-de-energias-renovables-y-almacenamiento-del-irec","status":"publish","type":"post","link":"https:\/\/novaenergiaosona.cat\/es\/2022\/02\/17\/osona-acogera-la-plataforma-de-integracion-de-energias-renovables-y-almacenamiento-del-irec\/","title":{"rendered":"Osona acoger\u00e1 la plataforma de integraci\u00f3n de energ\u00edas renovables y almacenamiento del IREC"},"content":{"rendered":"<p>[vc_row][vc_column css=\u00bb.vc_custom_1537371577868{padding-right: 0px !important;padding-left: 0px !important;}\u00bb][vc_column_text]<strong>El equipamiento, al que el Instituto Catal\u00e1n de Energ\u00eda (ICAEN) ha destinado ya 3 millones de euros, ser\u00e1 una plataforma de ensayo y demostraci\u00f3n en entornos reales de tecnolog\u00edas energ\u00e9ticas y de nuevas soluciones y productos en la fase previa a su introducci\u00f3n en el mercado<\/strong><\/p>\n<p>El Consejo Comarcal de Osona ha firmado esta ma\u00f1ana el convenio de colaboraci\u00f3n con el departamento Acci\u00f3n Clim\u00e1tica, Alimentaci\u00f3n y Agenda Rural, el Ayuntamiento de Gurb, el Ayuntamiento de Vic, y la Universidad de Vic-Universitat Central de Catalunya por para instalar en Gurb la Platafoma PRIMA, que desarrolla el Instituto de Investigaci\u00f3n en Energ\u00eda de Catalu\u00f1a (IREC). PRIMA ser\u00e1 una plataforma de integraci\u00f3n de energ\u00edas renovables y almacenamiento, que permitir\u00e1 el ensayo industrial y la validaci\u00f3n de tecnolog\u00edas, productos y servicios de almacenamiento energ\u00e9tico y energ\u00edas renovables en un entorno real.<\/p>\n<p>El convenio prev\u00e9 la cesi\u00f3n de una parcela de 12.500 metros cuadrados por parte del Ayuntamiento de Gurb para la ubicaci\u00f3n del equipamiento, y establece los t\u00e9rminos para llevar a cabo su ejecuci\u00f3n. Adem\u00e1s, tambi\u00e9n incorpora acuerdos de colaboraci\u00f3n en los \u00e1mbitos cient\u00edfico-tecnol\u00f3gico -participaci\u00f3n conjunta en proyectos de I+D+i, consultor\u00eda y asesor\u00eda o la transferencia de conocimiento, entre otros-, en formaci\u00f3n en los campos acad\u00e9mico y profesional &#8211; como la b\u00fasqueda de oportunidades de colaboraci\u00f3n docente en grados, m\u00e1steres y doctorados entre la UVIC-UCC y el personal de IREC-, y en la divulgaci\u00f3n en la sociedad. La Generalitat, a trav\u00e9s del Instituto Catal\u00e1n de Energ\u00eda (ICAEN), ha destinado ya 3 millones de euros para la financiaci\u00f3n del proyecto.<\/p>\n<p>La Plataforma PRIMA ser\u00e1 una plataforma de ensayo y demostraci\u00f3n en entornos reales de tecnolog\u00edas energ\u00e9ticas y nuevas soluciones y productos en la fase previa a su introducci\u00f3n en mercado. Est\u00e1 integrada por diferentes plantas piloto de escalera industrial, en las que se podr\u00e1 experimentar y validar proyectos de forma compartida entre diferentes agentes del sector. Los \u00e1mbitos tecnol\u00f3gicos de las plantas piloto ser\u00e1n los sistemas de hidr\u00f3geno; la electrificaci\u00f3n y flexibilidad; las energ\u00edas renovables y el almacenamiento; la energ\u00eda t\u00e9rmica; la eficiencia energ\u00e9tica; la movilidad sostenible, y la bioenerg\u00eda. Se estima que el proyecto atraer\u00e1 a 42 proyectos de investigaci\u00f3n en sus primeros a\u00f1os de actividad.<\/p>\n<p>El equipamiento tendr\u00e1 una orientaci\u00f3n dual, ya que por un lado facilitar\u00e1 la investigaci\u00f3n aplicada y el desarrollo tecnol\u00f3gico y, por otro, prestar\u00e1 servicios orientados al mercado. El objetivo es convertirse en la infraestructura de referencia en integraci\u00f3n de renovables y almacenamiento de energ\u00eda, y estimular la colaboraci\u00f3n con instituciones p\u00fablicas, universidades, centros de investigaci\u00f3n, empresas privadas, agrupaciones empresariales y comunidades energ\u00e9ticas en el \u00e1mbito de la transici\u00f3n energ\u00e9tica. Ya hay una veintena de instituciones y empresas asociadas al IREC que han manifestado su inter\u00e9s en la Plataforma PRIMA por desarrollar nuevos productos y servicios.<\/p>\n<p>La implantaci\u00f3n de la Plataforma PRIMA en Osona refuerza la apuesta de la comarca por abordar la transici\u00f3n energ\u00e9tica, y permitir\u00e1 establecer sinergias con muchas de las iniciativas que ya se est\u00e1n desarrollando, as\u00ed como aprovechar su potencial en \u00e1mbitos como la bioenerg\u00eda en partir de la valorizaci\u00f3n energ\u00e9tica de los residuos de la ganader\u00eda. La presencia del IREC en Osona se completar\u00e1 con la instalaci\u00f3n en la misma \u00e1rea de los Camps Experimentals, que ser\u00e1n espacios abiertos que dar\u00e1n servicio a las l\u00edneas de investigaci\u00f3n ya operativas del ente.<\/p>\n<p>El desarrollo de la Plataforma PRIMA forma parte de la transici\u00f3n hacia un nuevo modelo energ\u00e9tico m\u00e1s limpio, sostenible, justo y democr\u00e1tico que impulsa al Gobierno. La Prospectiva Energ\u00e9tica de Catalu\u00f1a 2050 identifica la investigaci\u00f3n e innovaci\u00f3n y el desarrollo empresarial como dos de las estrategias a aplicar de manera intensiva para alcanzar, en 2050, un modelo energ\u00e9tico neutro clim\u00e1ticamente y basado en las energ\u00edas renovables. Adem\u00e1s, tambi\u00e9n contribuye al desarrollo econ\u00f3mico y social de la comarca, en l\u00ednea con los objetivos que va a definir la Agenda Rural que est\u00e1 definiendo el Departamento.[\/vc_column_text][\/vc_column][\/vc_row]<\/p>\n","protected":false},"excerpt":{"rendered":"<p>El equipamiento al que el Instituto Catal\u00e1n de Energ\u00eda (ICAEN) ha destinado ya 3 millones de euros.<\/p>\n","protected":false},"author":1,"featured_media":16726,"comment_status":"closed","ping_status":"closed","sticky":false,"template":"","format":"standard","meta":{"_monsterinsights_skip_tracking":false,"_monsterinsights_sitenote_active":false,"_monsterinsights_sitenote_note":"","_monsterinsights_sitenote_category":0,"footnotes":""},"categories":[89],"tags":[],"class_list":["post-16800","post","type-post","status-publish","format-standard","has-post-thumbnail","hentry","category-noticias-neo"],"_links":{"self":[{"href":"https:\/\/novaenergiaosona.cat\/es\/wp-json\/wp\/v2\/posts\/16800","targetHints":{"allow":["GET"]}}],"collection":[{"href":"https:\/\/novaenergiaosona.cat\/es\/wp-json\/wp\/v2\/posts"}],"about":[{"href":"https:\/\/novaenergiaosona.cat\/es\/wp-json\/wp\/v2\/types\/post"}],"author":[{"embeddable":true,"href":"https:\/\/novaenergiaosona.cat\/es\/wp-json\/wp\/v2\/users\/1"}],"replies":[{"embeddable":true,"href":"https:\/\/novaenergiaosona.cat\/es\/wp-json\/wp\/v2\/comments?post=16800"}],"version-history":[{"count":1,"href":"https:\/\/novaenergiaosona.cat\/es\/wp-json\/wp\/v2\/posts\/16800\/revisions"}],"predecessor-version":[{"id":16803,"href":"https:\/\/novaenergiaosona.cat\/es\/wp-json\/wp\/v2\/posts\/16800\/revisions\/16803"}],"wp:featuredmedia":[{"embeddable":true,"href":"https:\/\/novaenergiaosona.cat\/es\/wp-json\/wp\/v2\/media\/16726"}],"wp:attachment":[{"href":"https:\/\/novaenergiaosona.cat\/es\/wp-json\/wp\/v2\/media?parent=16800"}],"wp:term":[{"taxonomy":"category","embeddable":true,"href":"https:\/\/novaenergiaosona.cat\/es\/wp-json\/wp\/v2\/categories?post=16800"},{"taxonomy":"post_tag","embeddable":true,"href":"https:\/\/novaenergiaosona.cat\/es\/wp-json\/wp\/v2\/tags?post=16800"}],"curies":[{"name":"wp","href":"https:\/\/api.w.org\/{rel}","templated":true}]}}