{"id":16780,"date":"2022-02-17T15:39:27","date_gmt":"2022-02-17T14:39:27","guid":{"rendered":"https:\/\/novaenergiaosona.cat\/2022\/02\/17\/neo-nueva-energia-de-osona-en-un-stand-en-la-feria-de-la-energia-y-la-construccion-sostenible\/"},"modified":"2024-05-14T09:31:53","modified_gmt":"2024-05-14T07:31:53","slug":"neo-nueva-energia-de-osona-en-un-stand-en-la-feria-de-la-energia-y-la-construccion-sostenible","status":"publish","type":"post","link":"https:\/\/novaenergiaosona.cat\/es\/2022\/02\/17\/neo-nueva-energia-de-osona-en-un-stand-en-la-feria-de-la-energia-y-la-construccion-sostenible\/","title":{"rendered":"NEO Nova Energ\u00eda de Osona en un stand en la Feria de la Energ\u00eda y la Construcci\u00f3n Sostenible"},"content":{"rendered":"<p>[vc_row][vc_column css=\u00bb.vc_custom_1537371577868{padding-right: 0px !important;padding-left: 0px !important;}\u00bb][vc_column_text]El Consejo Comarcal de Osona tiene un stand en la Feria de la Energ\u00eda y la Construcci\u00f3n Sostenible que se hace estos d\u00edas en el Recinto Ferial El Sucre, donde se puede encontrar toda la informaci\u00f3n del proyecto NEO Nova Energ\u00eda de Osona.<\/p>\n<p>En el marco de la feria se han programado otras actividades como la del s\u00e1bado, 19 de febrero; de 9 a 14 h, en la que se realizar\u00e1 una sesi\u00f3n de trabajo y talleres que, con el nombre \u00abLas cooperativas energ\u00e9ticas en Osona\u00bb, est\u00e1 dirigida especialmente a socios y socias de las cooperativas creadas o en proceso de creaci\u00f3n; a electos y personas trabajadoras de la administraci\u00f3n local relacionadas con la transici\u00f3n energ\u00e9tica.<\/p>\n<p>El presidente del Consejo Comarcal de Osona, Juan Carlos Rodr\u00edguez y la vicepresidenta 3\u00aa, Margarida Feliu han acompa\u00f1ado a la consejera de Acci\u00f3n Clim\u00e1tica, Alimentaci\u00f3n y Agenda Rural, Teresa Jord\u00e0, la alcaldesa de Vic y de otras autoridades durante el recorrido por la Feria.<\/p>\n<p>En la fotograf\u00eda, las autoridades en el stand del Consejo Comarcal de Osona.[\/vc_column_text][\/vc_column][\/vc_row]<\/p>\n","protected":false},"excerpt":{"rendered":"<p>El Consejo Comarcal de Osona tiene un stand en la Feria de la Energ\u00eda y la Construcci\u00f3n Sostenible que se hace estos d\u00edas en el Recinto Ferial El Sucre.<\/p>\n","protected":false},"author":1,"featured_media":16724,"comment_status":"closed","ping_status":"closed","sticky":false,"template":"","format":"standard","meta":{"_monsterinsights_skip_tracking":false,"_monsterinsights_sitenote_active":false,"_monsterinsights_sitenote_note":"","_monsterinsights_sitenote_category":0,"footnotes":""},"categories":[89],"tags":[],"class_list":["post-16780","post","type-post","status-publish","format-standard","has-post-thumbnail","hentry","category-noticias-neo"],"_links":{"self":[{"href":"https:\/\/novaenergiaosona.cat\/es\/wp-json\/wp\/v2\/posts\/16780","targetHints":{"allow":["GET"]}}],"collection":[{"href":"https:\/\/novaenergiaosona.cat\/es\/wp-json\/wp\/v2\/posts"}],"about":[{"href":"https:\/\/novaenergiaosona.cat\/es\/wp-json\/wp\/v2\/types\/post"}],"author":[{"embeddable":true,"href":"https:\/\/novaenergiaosona.cat\/es\/wp-json\/wp\/v2\/users\/1"}],"replies":[{"embeddable":true,"href":"https:\/\/novaenergiaosona.cat\/es\/wp-json\/wp\/v2\/comments?post=16780"}],"version-history":[{"count":2,"href":"https:\/\/novaenergiaosona.cat\/es\/wp-json\/wp\/v2\/posts\/16780\/revisions"}],"predecessor-version":[{"id":17195,"href":"https:\/\/novaenergiaosona.cat\/es\/wp-json\/wp\/v2\/posts\/16780\/revisions\/17195"}],"wp:featuredmedia":[{"embeddable":true,"href":"https:\/\/novaenergiaosona.cat\/es\/wp-json\/wp\/v2\/media\/16724"}],"wp:attachment":[{"href":"https:\/\/novaenergiaosona.cat\/es\/wp-json\/wp\/v2\/media?parent=16780"}],"wp:term":[{"taxonomy":"category","embeddable":true,"href":"https:\/\/novaenergiaosona.cat\/es\/wp-json\/wp\/v2\/categories?post=16780"},{"taxonomy":"post_tag","embeddable":true,"href":"https:\/\/novaenergiaosona.cat\/es\/wp-json\/wp\/v2\/tags?post=16780"}],"curies":[{"name":"wp","href":"https:\/\/api.w.org\/{rel}","templated":true}]}}