
			
				
				
					
				

			
		{"items":"\n\t\t\t\t\t\t\t\t\t\t\t\n<article id=\"post-16806\" class=\"blog-design-masonry blog-post-loop blog-style-bg wd-add-shadow  col-lg-4 col-md-4 col-sm-6 col-12 post-16806 post type-post status-publish format-standard has-post-thumbnail hentry category-noticias-neo\">\n\t<div class=\"article-inner\">\n\t\t\t\t\t<header class=\"entry-header\">\n\t\t\t\t\t\t\t\t\t\n\t\t\t\t\t<figure id=\"carousel-662\" class=\"entry-thumbnail\" data-owl-carousel data-hide_pagination_control=\"yes\" data-desktop=\"1\" data-tablet=\"1\" data-tablet_landscape=\"1\" data-mobile=\"1\">\n\t\t\t\t\t\t\n\t\t\t\t\t\t\t<div class=\"post-img-wrapp\">\n\t\t\t\t\t\t\t\t<a href=\"https:\/\/novaenergiaosona.cat\/es\/2022\/06\/29\/nace-osona-energia-sccl-un-paso-mas-en-la-transicion-energetica-de-la-comarca\/\">\n\t\t\t\t\t\t\t\t\t<img width=\"1024\" height=\"576\" src=\"https:\/\/novaenergiaosona.cat\/wp-content\/uploads\/2023\/11\/Creacio-osona_energia_sccl-1024x576-1.jpg\" class=\"attachment-large size-large\" alt=\"\" decoding=\"async\" srcset=\"https:\/\/novaenergiaosona.cat\/wp-content\/uploads\/2023\/11\/Creacio-osona_energia_sccl-1024x576-1.jpg 1024w, https:\/\/novaenergiaosona.cat\/wp-content\/uploads\/2023\/11\/Creacio-osona_energia_sccl-1024x576-1-430x242.jpg 430w, https:\/\/novaenergiaosona.cat\/wp-content\/uploads\/2023\/11\/Creacio-osona_energia_sccl-1024x576-1-150x84.jpg 150w, https:\/\/novaenergiaosona.cat\/wp-content\/uploads\/2023\/11\/Creacio-osona_energia_sccl-1024x576-1-700x394.jpg 700w, https:\/\/novaenergiaosona.cat\/wp-content\/uploads\/2023\/11\/Creacio-osona_energia_sccl-1024x576-1-400x225.jpg 400w, https:\/\/novaenergiaosona.cat\/wp-content\/uploads\/2023\/11\/Creacio-osona_energia_sccl-1024x576-1-768x432.jpg 768w, https:\/\/novaenergiaosona.cat\/wp-content\/uploads\/2023\/11\/Creacio-osona_energia_sccl-1024x576-1-860x484.jpg 860w\" sizes=\"(max-width: 1024px) 100vw, 1024px\" \/>\t\t\t\t\t\t\t\t<\/a>\n\t\t\t\t\t\t\t<\/div>\n\t\t\t\t\t\t\t<div class=\"post-image-mask\">\n\t\t\t\t\t\t\t\t<span><\/span>\n\t\t\t\t\t\t\t<\/div>\n\n\t\t\t\t\t\t\n\t\t\t\t\t<\/figure>\n\t\t\t\t\n\t\t\t\t\t\t\t\t\t\t\t\t<div class=\"post-date wd-post-date wd-style-with-bg\" onclick=\"\">\n\t\t\t\t<span class=\"post-date-day\">\n\t\t\t\t\t29\t\t\t\t<\/span>\n\t\t\t\t<span class=\"post-date-month\">\n\t\t\t\t\tJun\t\t\t\t<\/span>\n\t\t\t<\/div>\n\t\t\t\t\t\t\n\t\t\t<\/header><!-- .entry-header -->\n\n\t\t<div class=\"article-body-container\">\n\t\t\t\n\t\t\t\t\t\t\t\t\t<div class=\"meta-categories-wrapp\"><div class=\"meta-post-categories wd-post-cat wd-style-with-bg\"><a href=\"https:\/\/novaenergiaosona.cat\/es\/category\/noticias-neo\/\" rel=\"category tag\">Noticias NEO<\/a><\/div><\/div>\n\t\t\t\t\n\t\t\t\t\t\t\t\t\t<h3 class=\"wd-entities-title title post-title\">\n\t\t\t\t\t\t<a href=\"https:\/\/novaenergiaosona.cat\/es\/2022\/06\/29\/nace-osona-energia-sccl-un-paso-mas-en-la-transicion-energetica-de-la-comarca\/\" rel=\"bookmark\">Nace Osona Energ\u00eda SCCL, un paso m\u00e1s en la transici\u00f3n energ\u00e9tica de la comarca<\/a>\n\t\t\t\t\t<\/h3>\n\t\t\t\t\n\t\t\t\t\t\t\t\t\t<div class=\"entry-meta wd-entry-meta\">\n\t\t\t\t\t\t\t\t\t<ul class=\"entry-meta-list\">\n\t\t\t\t\t\t\t\t\t<li class=\"modified-date\">\n\t\t\t\t\t\t\t\t<time class=\"updated\" datetime=\"2024-05-28T13:24:08+02:00\">\n\t\t\t28 de mayo de 2024\t\t<\/time>\n\t\t\t\t\t\t\t<\/li>\n\n\t\t\t\t\t\n\t\t\t\t\t\t\t\t\t\t\t<li class=\"meta-author\">\n\t\t\t\t\t\t\t\t\t\t\t\t<span>By<\/span>\n\t\t\n\t\t\t\t\t<img alt='author-avatar' src='https:\/\/secure.gravatar.com\/avatar\/4897108fbc716b51bd5ccb0d3a1af90ebc85c1d65b5609ba847672e458068314?s=32&#038;d=mm&#038;r=g' srcset='https:\/\/secure.gravatar.com\/avatar\/4897108fbc716b51bd5ccb0d3a1af90ebc85c1d65b5609ba847672e458068314?s=64&#038;d=mm&#038;r=g 2x' class='avatar avatar-32 photo' height='32' width='32' decoding='async'\/>\t\t\n\t\t<a href=\"https:\/\/novaenergiaosona.cat\/es\/author\/usuari_nova\/\" rel=\"author\">\n\t\t\t<span class=\"vcard author author_name\">\n\t\t\t\t<span class=\"fn\">usuari_nova<\/span>\n\t\t\t<\/span>\n\t\t<\/a>\n\t\t\t\t\t\t\t\t<\/li>\n\t\t\t\t\t\n\t\t\t\t\t\n\t\t\t\t\t\t\t\t\t\t\t\t<\/ul>\n\t\t\t\t\t\t\t<\/div><!-- .entry-meta -->\n\t\t\t\t\t\t\t\t\t\t\t<div class=\"hovered-social-icons wd-tltp wd-tltp-top\">\n\t\t\t\t\t\t\t<div class=\"wd-tooltip-label\">\n\t\t\t\t\t\t\t\t\t\t\t<link rel=\"stylesheet\" id=\"wd-social-icons-css\" href=\"https:\/\/novaenergiaosona.cat\/wp-content\/themes\/woodmart\/css\/parts\/el-social-icons.min.css?ver=7.3.4\" type=\"text\/css\" media=\"all\" \/> \t\t\t\n\t\t\t<div class=\" wd-social-icons icons-design-default icons-size-small color-scheme-light social-share social-form-circle text-center\">\n\n\t\t\t\t\n\t\t\t\t\t\t\t\t\t<a rel=\"noopener noreferrer nofollow\" href=\"https:\/\/www.facebook.com\/sharer\/sharer.php?u=https:\/\/novaenergiaosona.cat\/es\/2022\/06\/29\/nace-osona-energia-sccl-un-paso-mas-en-la-transicion-energetica-de-la-comarca\/\" target=\"_blank\" class=\" wd-social-icon social-facebook\" aria-label=\"Facebook social link\">\n\t\t\t\t\t\t<span class=\"wd-icon\"><\/span>\n\t\t\t\t\t\t\t\t\t\t\t<\/a>\n\t\t\t\t\n\t\t\t\t\t\t\t\t\t<a rel=\"noopener noreferrer nofollow\" href=\"https:\/\/twitter.com\/share?url=https:\/\/novaenergiaosona.cat\/es\/2022\/06\/29\/nace-osona-energia-sccl-un-paso-mas-en-la-transicion-energetica-de-la-comarca\/\" target=\"_blank\" class=\" wd-social-icon social-twitter\" aria-label=\"Twitter social link\">\n\t\t\t\t\t\t<span class=\"wd-icon\"><\/span>\n\t\t\t\t\t\t\t\t\t\t\t<\/a>\n\t\t\t\t\n\t\t\t\t\n\t\t\t\t\n\t\t\t\t\n\t\t\t\t\t\t\t\t\t<a rel=\"noopener noreferrer nofollow\" href=\"https:\/\/pinterest.com\/pin\/create\/button\/?url=https:\/\/novaenergiaosona.cat\/es\/2022\/06\/29\/nace-osona-energia-sccl-un-paso-mas-en-la-transicion-energetica-de-la-comarca\/&media=https:\/\/novaenergiaosona.cat\/wp-content\/uploads\/2023\/11\/Creacio-osona_energia_sccl-1024x576-1.jpg&description=Nace+Osona+Energ%C3%ADa+SCCL%2C+un+paso+m%C3%A1s+en+la+transici%C3%B3n+energ%C3%A9tica+de+la+comarca\" target=\"_blank\" class=\" wd-social-icon social-pinterest\" aria-label=\"Pinterest social link\">\n\t\t\t\t\t\t<span class=\"wd-icon\"><\/span>\n\t\t\t\t\t\t\t\t\t\t\t<\/a>\n\t\t\t\t\n\t\t\t\t\n\t\t\t\t\t\t\t\t\t<a rel=\"noopener noreferrer nofollow\" href=\"https:\/\/www.linkedin.com\/shareArticle?mini=true&url=https:\/\/novaenergiaosona.cat\/es\/2022\/06\/29\/nace-osona-energia-sccl-un-paso-mas-en-la-transicion-energetica-de-la-comarca\/\" target=\"_blank\" class=\" wd-social-icon social-linkedin\" aria-label=\"Linkedin social link\">\n\t\t\t\t\t\t<span class=\"wd-icon\"><\/span>\n\t\t\t\t\t\t\t\t\t\t\t<\/a>\n\t\t\t\t\n\t\t\t\t\n\t\t\t\t\n\t\t\t\t\n\t\t\t\t\n\t\t\t\t\n\t\t\t\t\n\t\t\t\t\n\t\t\t\t\n\t\t\t\t\n\t\t\t\t\t\t\t\t\n\t\t\t\t\t\t\t\t\n\t\t\t\t\n\t\t\t\t\n\t\t\t\t\t\t\t\t\t<a rel=\"noopener noreferrer nofollow\" href=\"https:\/\/telegram.me\/share\/url?url=https:\/\/novaenergiaosona.cat\/es\/2022\/06\/29\/nace-osona-energia-sccl-un-paso-mas-en-la-transicion-energetica-de-la-comarca\/\" target=\"_blank\" class=\" wd-social-icon social-tg\" aria-label=\"Telegram social link\">\n\t\t\t\t\t\t<span class=\"wd-icon\"><\/span>\n\t\t\t\t\t\t\t\t\t\t\t<\/a>\n\t\t\t\t\t\t\t\t\n\t\t\t\t\n\t\t\t<\/div>\n\n\t\t\t\t\t\t\t\t\t<\/div>\n\t\t\t\t\t\t<\/div>\n\t\t\t\t\t\t\t\t\t\t\t\t\n\t\t\t\t\t\t\t\n\t\t\t\t                    <div class=\"entry-content wd-entry-content\">\n\t\t\t\t\t\t\n\t\t\t\t\t\t\t\t\t\t\t<\/div><!-- .entry-content -->\n\t\t\t\t\n\t\t\t\t\t\t\t\t\t\t\t\t\t\t<p class=\"read-more-section\">\n\t\t\t\t\t\t<a class=\"btn-read-more more-link\" href=\"https:\/\/novaenergiaosona.cat\/es\/2022\/06\/29\/nace-osona-energia-sccl-un-paso-mas-en-la-transicion-energetica-de-la-comarca\/\">Continue reading<\/a>\t\t\t\t\t<\/p>\n\t\t\t\t\t\t\t\t\t\t\t\n\t\t\t\n\t\t\t\t\t<\/div>\n\t<\/div>\n<\/article><!-- #post -->\n\n\n\t\t\t\t\t\t\t\t\t\t\t\n<article id=\"post-16915\" class=\"blog-design-masonry blog-post-loop blog-style-bg wd-add-shadow  col-lg-4 col-md-4 col-sm-6 col-12 first  post-16915 post type-post status-publish format-standard has-post-thumbnail hentry category-noticias-neo\">\n\t<div class=\"article-inner\">\n\t\t\t\t\t<header class=\"entry-header\">\n\t\t\t\t\t\t\t\t\t\n\t\t\t\t\t<figure id=\"carousel-355\" class=\"entry-thumbnail\" data-owl-carousel data-hide_pagination_control=\"yes\" data-desktop=\"1\" data-tablet=\"1\" data-tablet_landscape=\"1\" data-mobile=\"1\">\n\t\t\t\t\t\t\n\t\t\t\t\t\t\t<div class=\"post-img-wrapp\">\n\t\t\t\t\t\t\t\t<a href=\"https:\/\/novaenergiaosona.cat\/es\/2022\/06\/08\/ayudas-europeas-para-la-rehabilitacion-en-la-mejora-de-la-eficiencia-energetica-de-las-viviendas\/\">\n\t\t\t\t\t\t\t\t\t<img width=\"767\" height=\"432\" src=\"https:\/\/novaenergiaosona.cat\/wp-content\/uploads\/2023\/11\/Logotipcasab.jpg\" class=\"attachment-large size-large\" alt=\"\" decoding=\"async\" srcset=\"https:\/\/novaenergiaosona.cat\/wp-content\/uploads\/2023\/11\/Logotipcasab.jpg 767w, https:\/\/novaenergiaosona.cat\/wp-content\/uploads\/2023\/11\/Logotipcasab-430x242.jpg 430w, https:\/\/novaenergiaosona.cat\/wp-content\/uploads\/2023\/11\/Logotipcasab-150x84.jpg 150w, https:\/\/novaenergiaosona.cat\/wp-content\/uploads\/2023\/11\/Logotipcasab-700x394.jpg 700w, https:\/\/novaenergiaosona.cat\/wp-content\/uploads\/2023\/11\/Logotipcasab-400x225.jpg 400w\" sizes=\"(max-width: 767px) 100vw, 767px\" \/>\t\t\t\t\t\t\t\t<\/a>\n\t\t\t\t\t\t\t<\/div>\n\t\t\t\t\t\t\t<div class=\"post-image-mask\">\n\t\t\t\t\t\t\t\t<span><\/span>\n\t\t\t\t\t\t\t<\/div>\n\n\t\t\t\t\t\t\n\t\t\t\t\t<\/figure>\n\t\t\t\t\n\t\t\t\t\t\t\t\t\t\t\t\t<div class=\"post-date wd-post-date wd-style-with-bg\" onclick=\"\">\n\t\t\t\t<span class=\"post-date-day\">\n\t\t\t\t\t08\t\t\t\t<\/span>\n\t\t\t\t<span class=\"post-date-month\">\n\t\t\t\t\tJun\t\t\t\t<\/span>\n\t\t\t<\/div>\n\t\t\t\t\t\t\n\t\t\t<\/header><!-- .entry-header -->\n\n\t\t<div class=\"article-body-container\">\n\t\t\t\n\t\t\t\t\t\t\t\t\t<div class=\"meta-categories-wrapp\"><div class=\"meta-post-categories wd-post-cat wd-style-with-bg\"><a href=\"https:\/\/novaenergiaosona.cat\/es\/category\/noticias-neo\/\" rel=\"category tag\">Noticias NEO<\/a><\/div><\/div>\n\t\t\t\t\n\t\t\t\t\t\t\t\t\t<h3 class=\"wd-entities-title title post-title\">\n\t\t\t\t\t\t<a href=\"https:\/\/novaenergiaosona.cat\/es\/2022\/06\/08\/ayudas-europeas-para-la-rehabilitacion-en-la-mejora-de-la-eficiencia-energetica-de-las-viviendas\/\" rel=\"bookmark\">Ayudas europeas para la rehabilitaci\u00f3n en la mejora de la eficiencia energ\u00e9tica de las viviendas<\/a>\n\t\t\t\t\t<\/h3>\n\t\t\t\t\n\t\t\t\t\t\t\t\t\t<div class=\"entry-meta wd-entry-meta\">\n\t\t\t\t\t\t\t\t\t<ul class=\"entry-meta-list\">\n\t\t\t\t\t\t\t\t\t<li class=\"modified-date\">\n\t\t\t\t\t\t\t\t<time class=\"updated\" datetime=\"2024-05-28T13:24:54+02:00\">\n\t\t\t28 de mayo de 2024\t\t<\/time>\n\t\t\t\t\t\t\t<\/li>\n\n\t\t\t\t\t\n\t\t\t\t\t\t\t\t\t\t\t<li class=\"meta-author\">\n\t\t\t\t\t\t\t\t\t\t\t\t<span>By<\/span>\n\t\t\n\t\t\t\t\t<img alt='author-avatar' src='https:\/\/secure.gravatar.com\/avatar\/4897108fbc716b51bd5ccb0d3a1af90ebc85c1d65b5609ba847672e458068314?s=32&#038;d=mm&#038;r=g' srcset='https:\/\/secure.gravatar.com\/avatar\/4897108fbc716b51bd5ccb0d3a1af90ebc85c1d65b5609ba847672e458068314?s=64&#038;d=mm&#038;r=g 2x' class='avatar avatar-32 photo' height='32' width='32' decoding='async'\/>\t\t\n\t\t<a href=\"https:\/\/novaenergiaosona.cat\/es\/author\/usuari_nova\/\" rel=\"author\">\n\t\t\t<span class=\"vcard author author_name\">\n\t\t\t\t<span class=\"fn\">usuari_nova<\/span>\n\t\t\t<\/span>\n\t\t<\/a>\n\t\t\t\t\t\t\t\t<\/li>\n\t\t\t\t\t\n\t\t\t\t\t\n\t\t\t\t\t\t\t\t\t\t\t\t<\/ul>\n\t\t\t\t\t\t\t<\/div><!-- .entry-meta -->\n\t\t\t\t\t\t\t\t\t\t\t<div class=\"hovered-social-icons wd-tltp wd-tltp-top\">\n\t\t\t\t\t\t\t<div class=\"wd-tooltip-label\">\n\t\t\t\t\t\t\t\t\n\t\t\t<div class=\" wd-social-icons icons-design-default icons-size-small color-scheme-light social-share social-form-circle text-center\">\n\n\t\t\t\t\n\t\t\t\t\t\t\t\t\t<a rel=\"noopener noreferrer nofollow\" href=\"https:\/\/www.facebook.com\/sharer\/sharer.php?u=https:\/\/novaenergiaosona.cat\/es\/2022\/06\/08\/ayudas-europeas-para-la-rehabilitacion-en-la-mejora-de-la-eficiencia-energetica-de-las-viviendas\/\" target=\"_blank\" class=\" wd-social-icon social-facebook\" aria-label=\"Facebook social link\">\n\t\t\t\t\t\t<span class=\"wd-icon\"><\/span>\n\t\t\t\t\t\t\t\t\t\t\t<\/a>\n\t\t\t\t\n\t\t\t\t\t\t\t\t\t<a rel=\"noopener noreferrer nofollow\" href=\"https:\/\/twitter.com\/share?url=https:\/\/novaenergiaosona.cat\/es\/2022\/06\/08\/ayudas-europeas-para-la-rehabilitacion-en-la-mejora-de-la-eficiencia-energetica-de-las-viviendas\/\" target=\"_blank\" class=\" wd-social-icon social-twitter\" aria-label=\"Twitter social link\">\n\t\t\t\t\t\t<span class=\"wd-icon\"><\/span>\n\t\t\t\t\t\t\t\t\t\t\t<\/a>\n\t\t\t\t\n\t\t\t\t\n\t\t\t\t\n\t\t\t\t\n\t\t\t\t\t\t\t\t\t<a rel=\"noopener noreferrer nofollow\" href=\"https:\/\/pinterest.com\/pin\/create\/button\/?url=https:\/\/novaenergiaosona.cat\/es\/2022\/06\/08\/ayudas-europeas-para-la-rehabilitacion-en-la-mejora-de-la-eficiencia-energetica-de-las-viviendas\/&media=https:\/\/novaenergiaosona.cat\/wp-content\/uploads\/2023\/11\/Logotipcasab.jpg&description=Ayudas+europeas+para+la+rehabilitaci%C3%B3n+en+la+mejora+de+la+eficiencia+energ%C3%A9tica+de+las+viviendas\" target=\"_blank\" class=\" wd-social-icon social-pinterest\" aria-label=\"Pinterest social link\">\n\t\t\t\t\t\t<span class=\"wd-icon\"><\/span>\n\t\t\t\t\t\t\t\t\t\t\t<\/a>\n\t\t\t\t\n\t\t\t\t\n\t\t\t\t\t\t\t\t\t<a rel=\"noopener noreferrer nofollow\" href=\"https:\/\/www.linkedin.com\/shareArticle?mini=true&url=https:\/\/novaenergiaosona.cat\/es\/2022\/06\/08\/ayudas-europeas-para-la-rehabilitacion-en-la-mejora-de-la-eficiencia-energetica-de-las-viviendas\/\" target=\"_blank\" class=\" wd-social-icon social-linkedin\" aria-label=\"Linkedin social link\">\n\t\t\t\t\t\t<span class=\"wd-icon\"><\/span>\n\t\t\t\t\t\t\t\t\t\t\t<\/a>\n\t\t\t\t\n\t\t\t\t\n\t\t\t\t\n\t\t\t\t\n\t\t\t\t\n\t\t\t\t\n\t\t\t\t\n\t\t\t\t\n\t\t\t\t\n\t\t\t\t\n\t\t\t\t\t\t\t\t\n\t\t\t\t\t\t\t\t\n\t\t\t\t\n\t\t\t\t\n\t\t\t\t\t\t\t\t\t<a rel=\"noopener noreferrer nofollow\" href=\"https:\/\/telegram.me\/share\/url?url=https:\/\/novaenergiaosona.cat\/es\/2022\/06\/08\/ayudas-europeas-para-la-rehabilitacion-en-la-mejora-de-la-eficiencia-energetica-de-las-viviendas\/\" target=\"_blank\" class=\" wd-social-icon social-tg\" aria-label=\"Telegram social link\">\n\t\t\t\t\t\t<span class=\"wd-icon\"><\/span>\n\t\t\t\t\t\t\t\t\t\t\t<\/a>\n\t\t\t\t\t\t\t\t\n\t\t\t\t\n\t\t\t<\/div>\n\n\t\t\t\t\t\t\t\t\t<\/div>\n\t\t\t\t\t\t<\/div>\n\t\t\t\t\t\t\t\t\t\t\t\t\n\t\t\t\t\t\t\t\n\t\t\t\t                    <div class=\"entry-content wd-entry-content\">\n\t\t\t\t\t\t\n\t\t\t\t\t\t\t\t\t\t\t<\/div><!-- .entry-content -->\n\t\t\t\t\n\t\t\t\t\t\t\t\t\t\t\t\t\t\t<p class=\"read-more-section\">\n\t\t\t\t\t\t<a class=\"btn-read-more more-link\" href=\"https:\/\/novaenergiaosona.cat\/es\/2022\/06\/08\/ayudas-europeas-para-la-rehabilitacion-en-la-mejora-de-la-eficiencia-energetica-de-las-viviendas\/\">Continue reading<\/a>\t\t\t\t\t<\/p>\n\t\t\t\t\t\t\t\t\t\t\t\n\t\t\t\n\t\t\t\t\t<\/div>\n\t<\/div>\n<\/article><!-- #post -->\n\n\n\t\t\t\t\t\t\t\t\t\t\t\n<article id=\"post-16822\" class=\"blog-design-masonry blog-post-loop blog-style-bg wd-add-shadow  col-lg-4 col-md-4 col-sm-6 col-12 post-16822 post type-post status-publish format-standard has-post-thumbnail hentry category-noticias-neo\">\n\t<div class=\"article-inner\">\n\t\t\t\t\t<header class=\"entry-header\">\n\t\t\t\t\t\t\t\t\t\n\t\t\t\t\t<figure id=\"carousel-903\" class=\"entry-thumbnail\" data-owl-carousel data-hide_pagination_control=\"yes\" data-desktop=\"1\" data-tablet=\"1\" data-tablet_landscape=\"1\" data-mobile=\"1\">\n\t\t\t\t\t\t\n\t\t\t\t\t\t\t<div class=\"post-img-wrapp\">\n\t\t\t\t\t\t\t\t<a href=\"https:\/\/novaenergiaosona.cat\/es\/2022\/05\/13\/tres-cooperativas-energeticas-de-osona-reciben-una-subvencion-estatal-de-mas-de-600-000-euros\/\">\n\t\t\t\t\t\t\t\t\t<img width=\"768\" height=\"432\" src=\"https:\/\/novaenergiaosona.cat\/wp-content\/uploads\/2023\/11\/Instal\u00b7lacio-FV.jpg\" class=\"attachment-large size-large\" alt=\"\" decoding=\"async\" srcset=\"https:\/\/novaenergiaosona.cat\/wp-content\/uploads\/2023\/11\/Instal\u00b7lacio-FV.jpg 768w, https:\/\/novaenergiaosona.cat\/wp-content\/uploads\/2023\/11\/Instal\u00b7lacio-FV-430x242.jpg 430w, https:\/\/novaenergiaosona.cat\/wp-content\/uploads\/2023\/11\/Instal\u00b7lacio-FV-150x84.jpg 150w, https:\/\/novaenergiaosona.cat\/wp-content\/uploads\/2023\/11\/Instal\u00b7lacio-FV-700x394.jpg 700w, https:\/\/novaenergiaosona.cat\/wp-content\/uploads\/2023\/11\/Instal\u00b7lacio-FV-400x225.jpg 400w\" sizes=\"(max-width: 768px) 100vw, 768px\" \/>\t\t\t\t\t\t\t\t<\/a>\n\t\t\t\t\t\t\t<\/div>\n\t\t\t\t\t\t\t<div class=\"post-image-mask\">\n\t\t\t\t\t\t\t\t<span><\/span>\n\t\t\t\t\t\t\t<\/div>\n\n\t\t\t\t\t\t\n\t\t\t\t\t<\/figure>\n\t\t\t\t\n\t\t\t\t\t\t\t\t\t\t\t\t<div class=\"post-date wd-post-date wd-style-with-bg\" onclick=\"\">\n\t\t\t\t<span class=\"post-date-day\">\n\t\t\t\t\t13\t\t\t\t<\/span>\n\t\t\t\t<span class=\"post-date-month\">\n\t\t\t\t\tMay\t\t\t\t<\/span>\n\t\t\t<\/div>\n\t\t\t\t\t\t\n\t\t\t<\/header><!-- .entry-header -->\n\n\t\t<div class=\"article-body-container\">\n\t\t\t\n\t\t\t\t\t\t\t\t\t<div class=\"meta-categories-wrapp\"><div class=\"meta-post-categories wd-post-cat wd-style-with-bg\"><a href=\"https:\/\/novaenergiaosona.cat\/es\/category\/noticias-neo\/\" rel=\"category tag\">Noticias NEO<\/a><\/div><\/div>\n\t\t\t\t\n\t\t\t\t\t\t\t\t\t<h3 class=\"wd-entities-title title post-title\">\n\t\t\t\t\t\t<a href=\"https:\/\/novaenergiaosona.cat\/es\/2022\/05\/13\/tres-cooperativas-energeticas-de-osona-reciben-una-subvencion-estatal-de-mas-de-600-000-euros\/\" rel=\"bookmark\">Tres cooperativas energ\u00e9ticas de Osona reciben una subvenci\u00f3n estatal de m\u00e1s de 600.000 euros<\/a>\n\t\t\t\t\t<\/h3>\n\t\t\t\t\n\t\t\t\t\t\t\t\t\t<div class=\"entry-meta wd-entry-meta\">\n\t\t\t\t\t\t\t\t\t<ul class=\"entry-meta-list\">\n\t\t\t\t\t\t\t\t\t<li class=\"modified-date\">\n\t\t\t\t\t\t\t\t<time class=\"updated\" datetime=\"2024-05-28T13:25:42+02:00\">\n\t\t\t28 de mayo de 2024\t\t<\/time>\n\t\t\t\t\t\t\t<\/li>\n\n\t\t\t\t\t\n\t\t\t\t\t\t\t\t\t\t\t<li class=\"meta-author\">\n\t\t\t\t\t\t\t\t\t\t\t\t<span>By<\/span>\n\t\t\n\t\t\t\t\t<img alt='author-avatar' src='https:\/\/secure.gravatar.com\/avatar\/4897108fbc716b51bd5ccb0d3a1af90ebc85c1d65b5609ba847672e458068314?s=32&#038;d=mm&#038;r=g' srcset='https:\/\/secure.gravatar.com\/avatar\/4897108fbc716b51bd5ccb0d3a1af90ebc85c1d65b5609ba847672e458068314?s=64&#038;d=mm&#038;r=g 2x' class='avatar avatar-32 photo' height='32' width='32' decoding='async'\/>\t\t\n\t\t<a href=\"https:\/\/novaenergiaosona.cat\/es\/author\/usuari_nova\/\" rel=\"author\">\n\t\t\t<span class=\"vcard author author_name\">\n\t\t\t\t<span class=\"fn\">usuari_nova<\/span>\n\t\t\t<\/span>\n\t\t<\/a>\n\t\t\t\t\t\t\t\t<\/li>\n\t\t\t\t\t\n\t\t\t\t\t\n\t\t\t\t\t\t\t\t\t\t\t\t<\/ul>\n\t\t\t\t\t\t\t<\/div><!-- .entry-meta -->\n\t\t\t\t\t\t\t\t\t\t\t<div class=\"hovered-social-icons wd-tltp wd-tltp-top\">\n\t\t\t\t\t\t\t<div class=\"wd-tooltip-label\">\n\t\t\t\t\t\t\t\t\n\t\t\t<div class=\" wd-social-icons icons-design-default icons-size-small color-scheme-light social-share social-form-circle text-center\">\n\n\t\t\t\t\n\t\t\t\t\t\t\t\t\t<a rel=\"noopener noreferrer nofollow\" href=\"https:\/\/www.facebook.com\/sharer\/sharer.php?u=https:\/\/novaenergiaosona.cat\/es\/2022\/05\/13\/tres-cooperativas-energeticas-de-osona-reciben-una-subvencion-estatal-de-mas-de-600-000-euros\/\" target=\"_blank\" class=\" wd-social-icon social-facebook\" aria-label=\"Facebook social link\">\n\t\t\t\t\t\t<span class=\"wd-icon\"><\/span>\n\t\t\t\t\t\t\t\t\t\t\t<\/a>\n\t\t\t\t\n\t\t\t\t\t\t\t\t\t<a rel=\"noopener noreferrer nofollow\" href=\"https:\/\/twitter.com\/share?url=https:\/\/novaenergiaosona.cat\/es\/2022\/05\/13\/tres-cooperativas-energeticas-de-osona-reciben-una-subvencion-estatal-de-mas-de-600-000-euros\/\" target=\"_blank\" class=\" wd-social-icon social-twitter\" aria-label=\"Twitter social link\">\n\t\t\t\t\t\t<span class=\"wd-icon\"><\/span>\n\t\t\t\t\t\t\t\t\t\t\t<\/a>\n\t\t\t\t\n\t\t\t\t\n\t\t\t\t\n\t\t\t\t\n\t\t\t\t\t\t\t\t\t<a rel=\"noopener noreferrer nofollow\" href=\"https:\/\/pinterest.com\/pin\/create\/button\/?url=https:\/\/novaenergiaosona.cat\/es\/2022\/05\/13\/tres-cooperativas-energeticas-de-osona-reciben-una-subvencion-estatal-de-mas-de-600-000-euros\/&media=https:\/\/novaenergiaosona.cat\/wp-content\/uploads\/2023\/11\/Instal\u00b7lacio-FV.jpg&description=Tres+cooperativas+energ%C3%A9ticas+de+Osona+reciben+una+subvenci%C3%B3n+estatal+de+m%C3%A1s+de+600.000+euros\" target=\"_blank\" class=\" wd-social-icon social-pinterest\" aria-label=\"Pinterest social link\">\n\t\t\t\t\t\t<span class=\"wd-icon\"><\/span>\n\t\t\t\t\t\t\t\t\t\t\t<\/a>\n\t\t\t\t\n\t\t\t\t\n\t\t\t\t\t\t\t\t\t<a rel=\"noopener noreferrer nofollow\" href=\"https:\/\/www.linkedin.com\/shareArticle?mini=true&url=https:\/\/novaenergiaosona.cat\/es\/2022\/05\/13\/tres-cooperativas-energeticas-de-osona-reciben-una-subvencion-estatal-de-mas-de-600-000-euros\/\" target=\"_blank\" class=\" wd-social-icon social-linkedin\" aria-label=\"Linkedin social link\">\n\t\t\t\t\t\t<span class=\"wd-icon\"><\/span>\n\t\t\t\t\t\t\t\t\t\t\t<\/a>\n\t\t\t\t\n\t\t\t\t\n\t\t\t\t\n\t\t\t\t\n\t\t\t\t\n\t\t\t\t\n\t\t\t\t\n\t\t\t\t\n\t\t\t\t\n\t\t\t\t\n\t\t\t\t\t\t\t\t\n\t\t\t\t\t\t\t\t\n\t\t\t\t\n\t\t\t\t\n\t\t\t\t\t\t\t\t\t<a rel=\"noopener noreferrer nofollow\" href=\"https:\/\/telegram.me\/share\/url?url=https:\/\/novaenergiaosona.cat\/es\/2022\/05\/13\/tres-cooperativas-energeticas-de-osona-reciben-una-subvencion-estatal-de-mas-de-600-000-euros\/\" target=\"_blank\" class=\" wd-social-icon social-tg\" aria-label=\"Telegram social link\">\n\t\t\t\t\t\t<span class=\"wd-icon\"><\/span>\n\t\t\t\t\t\t\t\t\t\t\t<\/a>\n\t\t\t\t\t\t\t\t\n\t\t\t\t\n\t\t\t<\/div>\n\n\t\t\t\t\t\t\t\t\t<\/div>\n\t\t\t\t\t\t<\/div>\n\t\t\t\t\t\t\t\t\t\t\t\t\n\t\t\t\t\t\t\t\n\t\t\t\t                    <div class=\"entry-content wd-entry-content\">\n\t\t\t\t\t\t\n\t\t\t\t\t\t\t\t\t\t\t<\/div><!-- .entry-content -->\n\t\t\t\t\n\t\t\t\t\t\t\t\t\t\t\t\t\t\t<p class=\"read-more-section\">\n\t\t\t\t\t\t<a class=\"btn-read-more more-link\" href=\"https:\/\/novaenergiaosona.cat\/es\/2022\/05\/13\/tres-cooperativas-energeticas-de-osona-reciben-una-subvencion-estatal-de-mas-de-600-000-euros\/\">Continue reading<\/a>\t\t\t\t\t<\/p>\n\t\t\t\t\t\t\t\t\t\t\t\n\t\t\t\n\t\t\t\t\t<\/div>\n\t<\/div>\n<\/article><!-- #post -->\n\n\n\t\t\t\t\t\t\t\t\t\t\t\n<article id=\"post-16800\" class=\"blog-design-masonry blog-post-loop blog-style-bg wd-add-shadow  col-lg-4 col-md-4 col-sm-6 col-12 last  post-16800 post type-post status-publish format-standard has-post-thumbnail hentry category-noticias-neo\">\n\t<div class=\"article-inner\">\n\t\t\t\t\t<header class=\"entry-header\">\n\t\t\t\t\t\t\t\t\t\n\t\t\t\t\t<figure id=\"carousel-909\" class=\"entry-thumbnail\" data-owl-carousel data-hide_pagination_control=\"yes\" data-desktop=\"1\" data-tablet=\"1\" data-tablet_landscape=\"1\" data-mobile=\"1\">\n\t\t\t\t\t\t\n\t\t\t\t\t\t\t<div class=\"post-img-wrapp\">\n\t\t\t\t\t\t\t\t<a href=\"https:\/\/novaenergiaosona.cat\/es\/2022\/02\/17\/osona-acogera-la-plataforma-de-integracion-de-energias-renovables-y-almacenamiento-del-irec\/\">\n\t\t\t\t\t\t\t\t\t<img width=\"1024\" height=\"576\" src=\"https:\/\/novaenergiaosona.cat\/wp-content\/uploads\/2023\/11\/Conveni_Prima_editada-1024x576-1.jpg\" class=\"attachment-large size-large\" alt=\"\" decoding=\"async\" srcset=\"https:\/\/novaenergiaosona.cat\/wp-content\/uploads\/2023\/11\/Conveni_Prima_editada-1024x576-1.jpg 1024w, https:\/\/novaenergiaosona.cat\/wp-content\/uploads\/2023\/11\/Conveni_Prima_editada-1024x576-1-430x242.jpg 430w, https:\/\/novaenergiaosona.cat\/wp-content\/uploads\/2023\/11\/Conveni_Prima_editada-1024x576-1-150x84.jpg 150w, https:\/\/novaenergiaosona.cat\/wp-content\/uploads\/2023\/11\/Conveni_Prima_editada-1024x576-1-700x394.jpg 700w, https:\/\/novaenergiaosona.cat\/wp-content\/uploads\/2023\/11\/Conveni_Prima_editada-1024x576-1-400x225.jpg 400w, https:\/\/novaenergiaosona.cat\/wp-content\/uploads\/2023\/11\/Conveni_Prima_editada-1024x576-1-768x432.jpg 768w, https:\/\/novaenergiaosona.cat\/wp-content\/uploads\/2023\/11\/Conveni_Prima_editada-1024x576-1-860x484.jpg 860w\" sizes=\"(max-width: 1024px) 100vw, 1024px\" \/>\t\t\t\t\t\t\t\t<\/a>\n\t\t\t\t\t\t\t<\/div>\n\t\t\t\t\t\t\t<div class=\"post-image-mask\">\n\t\t\t\t\t\t\t\t<span><\/span>\n\t\t\t\t\t\t\t<\/div>\n\n\t\t\t\t\t\t\n\t\t\t\t\t<\/figure>\n\t\t\t\t\n\t\t\t\t\t\t\t\t\t\t\t\t<div class=\"post-date wd-post-date wd-style-with-bg\" onclick=\"\">\n\t\t\t\t<span class=\"post-date-day\">\n\t\t\t\t\t17\t\t\t\t<\/span>\n\t\t\t\t<span class=\"post-date-month\">\n\t\t\t\t\tFeb\t\t\t\t<\/span>\n\t\t\t<\/div>\n\t\t\t\t\t\t\n\t\t\t<\/header><!-- .entry-header -->\n\n\t\t<div class=\"article-body-container\">\n\t\t\t\n\t\t\t\t\t\t\t\t\t<div class=\"meta-categories-wrapp\"><div class=\"meta-post-categories wd-post-cat wd-style-with-bg\"><a href=\"https:\/\/novaenergiaosona.cat\/es\/category\/noticias-neo\/\" rel=\"category tag\">Noticias NEO<\/a><\/div><\/div>\n\t\t\t\t\n\t\t\t\t\t\t\t\t\t<h3 class=\"wd-entities-title title post-title\">\n\t\t\t\t\t\t<a href=\"https:\/\/novaenergiaosona.cat\/es\/2022\/02\/17\/osona-acogera-la-plataforma-de-integracion-de-energias-renovables-y-almacenamiento-del-irec\/\" rel=\"bookmark\">Osona acoger\u00e1 la plataforma de integraci\u00f3n de energ\u00edas renovables y almacenamiento del IREC<\/a>\n\t\t\t\t\t<\/h3>\n\t\t\t\t\n\t\t\t\t\t\t\t\t\t<div class=\"entry-meta wd-entry-meta\">\n\t\t\t\t\t\t\t\t\t<ul class=\"entry-meta-list\">\n\t\t\t\t\t\t\t\t\t<li class=\"modified-date\">\n\t\t\t\t\t\t\t\t<time class=\"updated\" datetime=\"2024-05-13T11:49:15+02:00\">\n\t\t\t13 de mayo de 2024\t\t<\/time>\n\t\t\t\t\t\t\t<\/li>\n\n\t\t\t\t\t\n\t\t\t\t\t\t\t\t\t\t\t<li class=\"meta-author\">\n\t\t\t\t\t\t\t\t\t\t\t\t<span>By<\/span>\n\t\t\n\t\t\t\t\t<img alt='author-avatar' src='https:\/\/secure.gravatar.com\/avatar\/4897108fbc716b51bd5ccb0d3a1af90ebc85c1d65b5609ba847672e458068314?s=32&#038;d=mm&#038;r=g' srcset='https:\/\/secure.gravatar.com\/avatar\/4897108fbc716b51bd5ccb0d3a1af90ebc85c1d65b5609ba847672e458068314?s=64&#038;d=mm&#038;r=g 2x' class='avatar avatar-32 photo' height='32' width='32' decoding='async'\/>\t\t\n\t\t<a href=\"https:\/\/novaenergiaosona.cat\/es\/author\/usuari_nova\/\" rel=\"author\">\n\t\t\t<span class=\"vcard author author_name\">\n\t\t\t\t<span class=\"fn\">usuari_nova<\/span>\n\t\t\t<\/span>\n\t\t<\/a>\n\t\t\t\t\t\t\t\t<\/li>\n\t\t\t\t\t\n\t\t\t\t\t\n\t\t\t\t\t\t\t\t\t\t\t\t<\/ul>\n\t\t\t\t\t\t\t<\/div><!-- .entry-meta -->\n\t\t\t\t\t\t\t\t\t\t\t<div class=\"hovered-social-icons wd-tltp wd-tltp-top\">\n\t\t\t\t\t\t\t<div class=\"wd-tooltip-label\">\n\t\t\t\t\t\t\t\t\n\t\t\t<div class=\" wd-social-icons icons-design-default icons-size-small color-scheme-light social-share social-form-circle text-center\">\n\n\t\t\t\t\n\t\t\t\t\t\t\t\t\t<a rel=\"noopener noreferrer nofollow\" href=\"https:\/\/www.facebook.com\/sharer\/sharer.php?u=https:\/\/novaenergiaosona.cat\/es\/2022\/02\/17\/osona-acogera-la-plataforma-de-integracion-de-energias-renovables-y-almacenamiento-del-irec\/\" target=\"_blank\" class=\" wd-social-icon social-facebook\" aria-label=\"Facebook social link\">\n\t\t\t\t\t\t<span class=\"wd-icon\"><\/span>\n\t\t\t\t\t\t\t\t\t\t\t<\/a>\n\t\t\t\t\n\t\t\t\t\t\t\t\t\t<a rel=\"noopener noreferrer nofollow\" href=\"https:\/\/twitter.com\/share?url=https:\/\/novaenergiaosona.cat\/es\/2022\/02\/17\/osona-acogera-la-plataforma-de-integracion-de-energias-renovables-y-almacenamiento-del-irec\/\" target=\"_blank\" class=\" wd-social-icon social-twitter\" aria-label=\"Twitter social link\">\n\t\t\t\t\t\t<span class=\"wd-icon\"><\/span>\n\t\t\t\t\t\t\t\t\t\t\t<\/a>\n\t\t\t\t\n\t\t\t\t\n\t\t\t\t\n\t\t\t\t\n\t\t\t\t\t\t\t\t\t<a rel=\"noopener noreferrer nofollow\" href=\"https:\/\/pinterest.com\/pin\/create\/button\/?url=https:\/\/novaenergiaosona.cat\/es\/2022\/02\/17\/osona-acogera-la-plataforma-de-integracion-de-energias-renovables-y-almacenamiento-del-irec\/&media=https:\/\/novaenergiaosona.cat\/wp-content\/uploads\/2023\/11\/Conveni_Prima_editada-1024x576-1.jpg&description=Osona+acoger%C3%A1+la+plataforma+de+integraci%C3%B3n+de+energ%C3%ADas+renovables+y+almacenamiento+del+IREC\" target=\"_blank\" class=\" wd-social-icon social-pinterest\" aria-label=\"Pinterest social link\">\n\t\t\t\t\t\t<span class=\"wd-icon\"><\/span>\n\t\t\t\t\t\t\t\t\t\t\t<\/a>\n\t\t\t\t\n\t\t\t\t\n\t\t\t\t\t\t\t\t\t<a rel=\"noopener noreferrer nofollow\" href=\"https:\/\/www.linkedin.com\/shareArticle?mini=true&url=https:\/\/novaenergiaosona.cat\/es\/2022\/02\/17\/osona-acogera-la-plataforma-de-integracion-de-energias-renovables-y-almacenamiento-del-irec\/\" target=\"_blank\" class=\" wd-social-icon social-linkedin\" aria-label=\"Linkedin social link\">\n\t\t\t\t\t\t<span class=\"wd-icon\"><\/span>\n\t\t\t\t\t\t\t\t\t\t\t<\/a>\n\t\t\t\t\n\t\t\t\t\n\t\t\t\t\n\t\t\t\t\n\t\t\t\t\n\t\t\t\t\n\t\t\t\t\n\t\t\t\t\n\t\t\t\t\n\t\t\t\t\n\t\t\t\t\t\t\t\t\n\t\t\t\t\t\t\t\t\n\t\t\t\t\n\t\t\t\t\n\t\t\t\t\t\t\t\t\t<a rel=\"noopener noreferrer nofollow\" href=\"https:\/\/telegram.me\/share\/url?url=https:\/\/novaenergiaosona.cat\/es\/2022\/02\/17\/osona-acogera-la-plataforma-de-integracion-de-energias-renovables-y-almacenamiento-del-irec\/\" target=\"_blank\" class=\" wd-social-icon social-tg\" aria-label=\"Telegram social link\">\n\t\t\t\t\t\t<span class=\"wd-icon\"><\/span>\n\t\t\t\t\t\t\t\t\t\t\t<\/a>\n\t\t\t\t\t\t\t\t\n\t\t\t\t\n\t\t\t<\/div>\n\n\t\t\t\t\t\t\t\t\t<\/div>\n\t\t\t\t\t\t<\/div>\n\t\t\t\t\t\t\t\t\t\t\t\t\n\t\t\t\t\t\t\t\n\t\t\t\t                    <div class=\"entry-content wd-entry-content\">\n\t\t\t\t\t\t<p>El equipamiento al que el Instituto Catal\u00e1n de Energ\u00eda (ICAEN) ha destinado ya 3 millones de euros.<\/p>\n\n\t\t\t\t\t\t\t\t\t\t\t<\/div><!-- .entry-content -->\n\t\t\t\t\n\t\t\t\t\t\t\t\t\t\t\t\t\t\t<p class=\"read-more-section\">\n\t\t\t\t\t\t<a class=\"btn-read-more more-link\" href=\"https:\/\/novaenergiaosona.cat\/es\/2022\/02\/17\/osona-acogera-la-plataforma-de-integracion-de-energias-renovables-y-almacenamiento-del-irec\/\">Continue reading<\/a>\t\t\t\t\t<\/p>\n\t\t\t\t\t\t\t\t\t\t\t\n\t\t\t\n\t\t\t\t\t<\/div>\n\t<\/div>\n<\/article><!-- #post -->\n\n\n\t\t\t\t\t\t\t\t\t\t\t\n<article id=\"post-16789\" class=\"blog-design-masonry blog-post-loop blog-style-bg wd-add-shadow  col-lg-4 col-md-4 col-sm-6 col-12 first  post-16789 post type-post status-publish format-standard has-post-thumbnail hentry category-noticias-neo\">\n\t<div class=\"article-inner\">\n\t\t\t\t\t<header class=\"entry-header\">\n\t\t\t\t\t\t\t\t\t\n\t\t\t\t\t<figure id=\"carousel-582\" class=\"entry-thumbnail\" data-owl-carousel data-hide_pagination_control=\"yes\" data-desktop=\"1\" data-tablet=\"1\" data-tablet_landscape=\"1\" data-mobile=\"1\">\n\t\t\t\t\t\t\n\t\t\t\t\t\t\t<div class=\"post-img-wrapp\">\n\t\t\t\t\t\t\t\t<a href=\"https:\/\/novaenergiaosona.cat\/es\/2022\/02\/17\/el-consejo-comarcal-de-osona-presenta-el-proyecto-nueva-energia-de-osona-en-los-consejos-comarcales-de-cataluna\/\">\n\t\t\t\t\t\t\t\t\t<img width=\"1024\" height=\"576\" src=\"https:\/\/novaenergiaosona.cat\/wp-content\/uploads\/2023\/11\/Presentacio_NEO_web-1024x576-1.jpg\" class=\"attachment-large size-large\" alt=\"\" decoding=\"async\" srcset=\"https:\/\/novaenergiaosona.cat\/wp-content\/uploads\/2023\/11\/Presentacio_NEO_web-1024x576-1.jpg 1024w, https:\/\/novaenergiaosona.cat\/wp-content\/uploads\/2023\/11\/Presentacio_NEO_web-1024x576-1-430x242.jpg 430w, https:\/\/novaenergiaosona.cat\/wp-content\/uploads\/2023\/11\/Presentacio_NEO_web-1024x576-1-150x84.jpg 150w, https:\/\/novaenergiaosona.cat\/wp-content\/uploads\/2023\/11\/Presentacio_NEO_web-1024x576-1-700x394.jpg 700w, https:\/\/novaenergiaosona.cat\/wp-content\/uploads\/2023\/11\/Presentacio_NEO_web-1024x576-1-400x225.jpg 400w, https:\/\/novaenergiaosona.cat\/wp-content\/uploads\/2023\/11\/Presentacio_NEO_web-1024x576-1-768x432.jpg 768w, https:\/\/novaenergiaosona.cat\/wp-content\/uploads\/2023\/11\/Presentacio_NEO_web-1024x576-1-860x484.jpg 860w\" sizes=\"(max-width: 1024px) 100vw, 1024px\" \/>\t\t\t\t\t\t\t\t<\/a>\n\t\t\t\t\t\t\t<\/div>\n\t\t\t\t\t\t\t<div class=\"post-image-mask\">\n\t\t\t\t\t\t\t\t<span><\/span>\n\t\t\t\t\t\t\t<\/div>\n\n\t\t\t\t\t\t\n\t\t\t\t\t<\/figure>\n\t\t\t\t\n\t\t\t\t\t\t\t\t\t\t\t\t<div class=\"post-date wd-post-date wd-style-with-bg\" onclick=\"\">\n\t\t\t\t<span class=\"post-date-day\">\n\t\t\t\t\t17\t\t\t\t<\/span>\n\t\t\t\t<span class=\"post-date-month\">\n\t\t\t\t\tFeb\t\t\t\t<\/span>\n\t\t\t<\/div>\n\t\t\t\t\t\t\n\t\t\t<\/header><!-- .entry-header -->\n\n\t\t<div class=\"article-body-container\">\n\t\t\t\n\t\t\t\t\t\t\t\t\t<div class=\"meta-categories-wrapp\"><div class=\"meta-post-categories wd-post-cat wd-style-with-bg\"><a href=\"https:\/\/novaenergiaosona.cat\/es\/category\/noticias-neo\/\" rel=\"category tag\">Noticias NEO<\/a><\/div><\/div>\n\t\t\t\t\n\t\t\t\t\t\t\t\t\t<h3 class=\"wd-entities-title title post-title\">\n\t\t\t\t\t\t<a href=\"https:\/\/novaenergiaosona.cat\/es\/2022\/02\/17\/el-consejo-comarcal-de-osona-presenta-el-proyecto-nueva-energia-de-osona-en-los-consejos-comarcales-de-cataluna\/\" rel=\"bookmark\">El Consejo Comarcal de Osona presenta el proyecto Nova Energ\u00eda de Osona en los consejos comarcales de Catalu\u00f1a<\/a>\n\t\t\t\t\t<\/h3>\n\t\t\t\t\n\t\t\t\t\t\t\t\t\t<div class=\"entry-meta wd-entry-meta\">\n\t\t\t\t\t\t\t\t\t<ul class=\"entry-meta-list\">\n\t\t\t\t\t\t\t\t\t<li class=\"modified-date\">\n\t\t\t\t\t\t\t\t<time class=\"updated\" datetime=\"2024-05-14T09:32:07+02:00\">\n\t\t\t14 de mayo de 2024\t\t<\/time>\n\t\t\t\t\t\t\t<\/li>\n\n\t\t\t\t\t\n\t\t\t\t\t\t\t\t\t\t\t<li class=\"meta-author\">\n\t\t\t\t\t\t\t\t\t\t\t\t<span>By<\/span>\n\t\t\n\t\t\t\t\t<img alt='author-avatar' src='https:\/\/secure.gravatar.com\/avatar\/4897108fbc716b51bd5ccb0d3a1af90ebc85c1d65b5609ba847672e458068314?s=32&#038;d=mm&#038;r=g' srcset='https:\/\/secure.gravatar.com\/avatar\/4897108fbc716b51bd5ccb0d3a1af90ebc85c1d65b5609ba847672e458068314?s=64&#038;d=mm&#038;r=g 2x' class='avatar avatar-32 photo' height='32' width='32' decoding='async'\/>\t\t\n\t\t<a href=\"https:\/\/novaenergiaosona.cat\/es\/author\/usuari_nova\/\" rel=\"author\">\n\t\t\t<span class=\"vcard author author_name\">\n\t\t\t\t<span class=\"fn\">usuari_nova<\/span>\n\t\t\t<\/span>\n\t\t<\/a>\n\t\t\t\t\t\t\t\t<\/li>\n\t\t\t\t\t\n\t\t\t\t\t\n\t\t\t\t\t\t\t\t\t\t\t\t<\/ul>\n\t\t\t\t\t\t\t<\/div><!-- .entry-meta -->\n\t\t\t\t\t\t\t\t\t\t\t<div class=\"hovered-social-icons wd-tltp wd-tltp-top\">\n\t\t\t\t\t\t\t<div class=\"wd-tooltip-label\">\n\t\t\t\t\t\t\t\t\n\t\t\t<div class=\" wd-social-icons icons-design-default icons-size-small color-scheme-light social-share social-form-circle text-center\">\n\n\t\t\t\t\n\t\t\t\t\t\t\t\t\t<a rel=\"noopener noreferrer nofollow\" href=\"https:\/\/www.facebook.com\/sharer\/sharer.php?u=https:\/\/novaenergiaosona.cat\/es\/2022\/02\/17\/el-consejo-comarcal-de-osona-presenta-el-proyecto-nueva-energia-de-osona-en-los-consejos-comarcales-de-cataluna\/\" target=\"_blank\" class=\" wd-social-icon social-facebook\" aria-label=\"Facebook social link\">\n\t\t\t\t\t\t<span class=\"wd-icon\"><\/span>\n\t\t\t\t\t\t\t\t\t\t\t<\/a>\n\t\t\t\t\n\t\t\t\t\t\t\t\t\t<a rel=\"noopener noreferrer nofollow\" href=\"https:\/\/twitter.com\/share?url=https:\/\/novaenergiaosona.cat\/es\/2022\/02\/17\/el-consejo-comarcal-de-osona-presenta-el-proyecto-nueva-energia-de-osona-en-los-consejos-comarcales-de-cataluna\/\" target=\"_blank\" class=\" wd-social-icon social-twitter\" aria-label=\"Twitter social link\">\n\t\t\t\t\t\t<span class=\"wd-icon\"><\/span>\n\t\t\t\t\t\t\t\t\t\t\t<\/a>\n\t\t\t\t\n\t\t\t\t\n\t\t\t\t\n\t\t\t\t\n\t\t\t\t\t\t\t\t\t<a rel=\"noopener noreferrer nofollow\" href=\"https:\/\/pinterest.com\/pin\/create\/button\/?url=https:\/\/novaenergiaosona.cat\/es\/2022\/02\/17\/el-consejo-comarcal-de-osona-presenta-el-proyecto-nueva-energia-de-osona-en-los-consejos-comarcales-de-cataluna\/&media=https:\/\/novaenergiaosona.cat\/wp-content\/uploads\/2023\/11\/Presentacio_NEO_web-1024x576-1.jpg&description=El+Consejo+Comarcal+de+Osona+presenta+el+proyecto+Nova+Energ%C3%ADa+de+Osona+en+los+consejos+comarcales+de+Catalu%C3%B1a\" target=\"_blank\" class=\" wd-social-icon social-pinterest\" aria-label=\"Pinterest social link\">\n\t\t\t\t\t\t<span class=\"wd-icon\"><\/span>\n\t\t\t\t\t\t\t\t\t\t\t<\/a>\n\t\t\t\t\n\t\t\t\t\n\t\t\t\t\t\t\t\t\t<a rel=\"noopener noreferrer nofollow\" href=\"https:\/\/www.linkedin.com\/shareArticle?mini=true&url=https:\/\/novaenergiaosona.cat\/es\/2022\/02\/17\/el-consejo-comarcal-de-osona-presenta-el-proyecto-nueva-energia-de-osona-en-los-consejos-comarcales-de-cataluna\/\" target=\"_blank\" class=\" wd-social-icon social-linkedin\" aria-label=\"Linkedin social link\">\n\t\t\t\t\t\t<span class=\"wd-icon\"><\/span>\n\t\t\t\t\t\t\t\t\t\t\t<\/a>\n\t\t\t\t\n\t\t\t\t\n\t\t\t\t\n\t\t\t\t\n\t\t\t\t\n\t\t\t\t\n\t\t\t\t\n\t\t\t\t\n\t\t\t\t\n\t\t\t\t\n\t\t\t\t\t\t\t\t\n\t\t\t\t\t\t\t\t\n\t\t\t\t\n\t\t\t\t\n\t\t\t\t\t\t\t\t\t<a rel=\"noopener noreferrer nofollow\" href=\"https:\/\/telegram.me\/share\/url?url=https:\/\/novaenergiaosona.cat\/es\/2022\/02\/17\/el-consejo-comarcal-de-osona-presenta-el-proyecto-nueva-energia-de-osona-en-los-consejos-comarcales-de-cataluna\/\" target=\"_blank\" class=\" wd-social-icon social-tg\" aria-label=\"Telegram social link\">\n\t\t\t\t\t\t<span class=\"wd-icon\"><\/span>\n\t\t\t\t\t\t\t\t\t\t\t<\/a>\n\t\t\t\t\t\t\t\t\n\t\t\t\t\n\t\t\t<\/div>\n\n\t\t\t\t\t\t\t\t\t<\/div>\n\t\t\t\t\t\t<\/div>\n\t\t\t\t\t\t\t\t\t\t\t\t\n\t\t\t\t\t\t\t\n\t\t\t\t                    <div class=\"entry-content wd-entry-content\">\n\t\t\t\t\t\t<p>La comarca apuesta por un modelo energ\u00e9tico participativo y respetuoso, impulsado desde el territorio y el territorio.<\/p>\n\n\t\t\t\t\t\t\t\t\t\t\t<\/div><!-- .entry-content -->\n\t\t\t\t\n\t\t\t\t\t\t\t\t\t\t\t\t\t\t<p class=\"read-more-section\">\n\t\t\t\t\t\t<a class=\"btn-read-more more-link\" href=\"https:\/\/novaenergiaosona.cat\/es\/2022\/02\/17\/el-consejo-comarcal-de-osona-presenta-el-proyecto-nueva-energia-de-osona-en-los-consejos-comarcales-de-cataluna\/\">Continue reading<\/a>\t\t\t\t\t<\/p>\n\t\t\t\t\t\t\t\t\t\t\t\n\t\t\t\n\t\t\t\t\t<\/div>\n\t<\/div>\n<\/article><!-- #post -->\n\n\n\t\t\t\t\t\t\t\t\t\t\t\n<article id=\"post-16780\" class=\"blog-design-masonry blog-post-loop blog-style-bg wd-add-shadow  col-lg-4 col-md-4 col-sm-6 col-12 post-16780 post type-post status-publish format-standard has-post-thumbnail hentry category-noticias-neo\">\n\t<div class=\"article-inner\">\n\t\t\t\t\t<header class=\"entry-header\">\n\t\t\t\t\t\t\t\t\t\n\t\t\t\t\t<figure id=\"carousel-552\" class=\"entry-thumbnail\" data-owl-carousel data-hide_pagination_control=\"yes\" data-desktop=\"1\" data-tablet=\"1\" data-tablet_landscape=\"1\" data-mobile=\"1\">\n\t\t\t\t\t\t\n\t\t\t\t\t\t\t<div class=\"post-img-wrapp\">\n\t\t\t\t\t\t\t\t<a href=\"https:\/\/novaenergiaosona.cat\/es\/2022\/02\/17\/neo-nueva-energia-de-osona-en-un-stand-en-la-feria-de-la-energia-y-la-construccion-sostenible\/\">\n\t\t\t\t\t\t\t\t\t<img width=\"1024\" height=\"625\" src=\"https:\/\/novaenergiaosona.cat\/wp-content\/uploads\/2023\/11\/Autoritats_estand_web-1024x625-1.jpg\" class=\"attachment-large size-large\" alt=\"\" decoding=\"async\" srcset=\"https:\/\/novaenergiaosona.cat\/wp-content\/uploads\/2023\/11\/Autoritats_estand_web-1024x625-1.jpg 1024w, https:\/\/novaenergiaosona.cat\/wp-content\/uploads\/2023\/11\/Autoritats_estand_web-1024x625-1-430x262.jpg 430w, https:\/\/novaenergiaosona.cat\/wp-content\/uploads\/2023\/11\/Autoritats_estand_web-1024x625-1-150x92.jpg 150w, https:\/\/novaenergiaosona.cat\/wp-content\/uploads\/2023\/11\/Autoritats_estand_web-1024x625-1-700x427.jpg 700w, https:\/\/novaenergiaosona.cat\/wp-content\/uploads\/2023\/11\/Autoritats_estand_web-1024x625-1-400x244.jpg 400w, https:\/\/novaenergiaosona.cat\/wp-content\/uploads\/2023\/11\/Autoritats_estand_web-1024x625-1-768x469.jpg 768w, https:\/\/novaenergiaosona.cat\/wp-content\/uploads\/2023\/11\/Autoritats_estand_web-1024x625-1-860x525.jpg 860w\" sizes=\"(max-width: 1024px) 100vw, 1024px\" \/>\t\t\t\t\t\t\t\t<\/a>\n\t\t\t\t\t\t\t<\/div>\n\t\t\t\t\t\t\t<div class=\"post-image-mask\">\n\t\t\t\t\t\t\t\t<span><\/span>\n\t\t\t\t\t\t\t<\/div>\n\n\t\t\t\t\t\t\n\t\t\t\t\t<\/figure>\n\t\t\t\t\n\t\t\t\t\t\t\t\t\t\t\t\t<div class=\"post-date wd-post-date wd-style-with-bg\" onclick=\"\">\n\t\t\t\t<span class=\"post-date-day\">\n\t\t\t\t\t17\t\t\t\t<\/span>\n\t\t\t\t<span class=\"post-date-month\">\n\t\t\t\t\tFeb\t\t\t\t<\/span>\n\t\t\t<\/div>\n\t\t\t\t\t\t\n\t\t\t<\/header><!-- .entry-header -->\n\n\t\t<div class=\"article-body-container\">\n\t\t\t\n\t\t\t\t\t\t\t\t\t<div class=\"meta-categories-wrapp\"><div class=\"meta-post-categories wd-post-cat wd-style-with-bg\"><a href=\"https:\/\/novaenergiaosona.cat\/es\/category\/noticias-neo\/\" rel=\"category tag\">Noticias NEO<\/a><\/div><\/div>\n\t\t\t\t\n\t\t\t\t\t\t\t\t\t<h3 class=\"wd-entities-title title post-title\">\n\t\t\t\t\t\t<a href=\"https:\/\/novaenergiaosona.cat\/es\/2022\/02\/17\/neo-nueva-energia-de-osona-en-un-stand-en-la-feria-de-la-energia-y-la-construccion-sostenible\/\" rel=\"bookmark\">NEO Nova Energ\u00eda de Osona en un stand en la Feria de la Energ\u00eda y la Construcci\u00f3n Sostenible<\/a>\n\t\t\t\t\t<\/h3>\n\t\t\t\t\n\t\t\t\t\t\t\t\t\t<div class=\"entry-meta wd-entry-meta\">\n\t\t\t\t\t\t\t\t\t<ul class=\"entry-meta-list\">\n\t\t\t\t\t\t\t\t\t<li class=\"modified-date\">\n\t\t\t\t\t\t\t\t<time class=\"updated\" datetime=\"2024-05-14T09:31:53+02:00\">\n\t\t\t14 de mayo de 2024\t\t<\/time>\n\t\t\t\t\t\t\t<\/li>\n\n\t\t\t\t\t\n\t\t\t\t\t\t\t\t\t\t\t<li class=\"meta-author\">\n\t\t\t\t\t\t\t\t\t\t\t\t<span>By<\/span>\n\t\t\n\t\t\t\t\t<img alt='author-avatar' src='https:\/\/secure.gravatar.com\/avatar\/4897108fbc716b51bd5ccb0d3a1af90ebc85c1d65b5609ba847672e458068314?s=32&#038;d=mm&#038;r=g' srcset='https:\/\/secure.gravatar.com\/avatar\/4897108fbc716b51bd5ccb0d3a1af90ebc85c1d65b5609ba847672e458068314?s=64&#038;d=mm&#038;r=g 2x' class='avatar avatar-32 photo' height='32' width='32' decoding='async'\/>\t\t\n\t\t<a href=\"https:\/\/novaenergiaosona.cat\/es\/author\/usuari_nova\/\" rel=\"author\">\n\t\t\t<span class=\"vcard author author_name\">\n\t\t\t\t<span class=\"fn\">usuari_nova<\/span>\n\t\t\t<\/span>\n\t\t<\/a>\n\t\t\t\t\t\t\t\t<\/li>\n\t\t\t\t\t\n\t\t\t\t\t\n\t\t\t\t\t\t\t\t\t\t\t\t<\/ul>\n\t\t\t\t\t\t\t<\/div><!-- .entry-meta -->\n\t\t\t\t\t\t\t\t\t\t\t<div class=\"hovered-social-icons wd-tltp wd-tltp-top\">\n\t\t\t\t\t\t\t<div class=\"wd-tooltip-label\">\n\t\t\t\t\t\t\t\t\n\t\t\t<div class=\" wd-social-icons icons-design-default icons-size-small color-scheme-light social-share social-form-circle text-center\">\n\n\t\t\t\t\n\t\t\t\t\t\t\t\t\t<a rel=\"noopener noreferrer nofollow\" href=\"https:\/\/www.facebook.com\/sharer\/sharer.php?u=https:\/\/novaenergiaosona.cat\/es\/2022\/02\/17\/neo-nueva-energia-de-osona-en-un-stand-en-la-feria-de-la-energia-y-la-construccion-sostenible\/\" target=\"_blank\" class=\" wd-social-icon social-facebook\" aria-label=\"Facebook social link\">\n\t\t\t\t\t\t<span class=\"wd-icon\"><\/span>\n\t\t\t\t\t\t\t\t\t\t\t<\/a>\n\t\t\t\t\n\t\t\t\t\t\t\t\t\t<a rel=\"noopener noreferrer nofollow\" href=\"https:\/\/twitter.com\/share?url=https:\/\/novaenergiaosona.cat\/es\/2022\/02\/17\/neo-nueva-energia-de-osona-en-un-stand-en-la-feria-de-la-energia-y-la-construccion-sostenible\/\" target=\"_blank\" class=\" wd-social-icon social-twitter\" aria-label=\"Twitter social link\">\n\t\t\t\t\t\t<span class=\"wd-icon\"><\/span>\n\t\t\t\t\t\t\t\t\t\t\t<\/a>\n\t\t\t\t\n\t\t\t\t\n\t\t\t\t\n\t\t\t\t\n\t\t\t\t\t\t\t\t\t<a rel=\"noopener noreferrer nofollow\" href=\"https:\/\/pinterest.com\/pin\/create\/button\/?url=https:\/\/novaenergiaosona.cat\/es\/2022\/02\/17\/neo-nueva-energia-de-osona-en-un-stand-en-la-feria-de-la-energia-y-la-construccion-sostenible\/&media=https:\/\/novaenergiaosona.cat\/wp-content\/uploads\/2023\/11\/Autoritats_estand_web-1024x625-1.jpg&description=NEO+Nova+Energ%C3%ADa+de+Osona+en+un+stand+en+la+Feria+de+la+Energ%C3%ADa+y+la+Construcci%C3%B3n+Sostenible\" target=\"_blank\" class=\" wd-social-icon social-pinterest\" aria-label=\"Pinterest social link\">\n\t\t\t\t\t\t<span class=\"wd-icon\"><\/span>\n\t\t\t\t\t\t\t\t\t\t\t<\/a>\n\t\t\t\t\n\t\t\t\t\n\t\t\t\t\t\t\t\t\t<a rel=\"noopener noreferrer nofollow\" href=\"https:\/\/www.linkedin.com\/shareArticle?mini=true&url=https:\/\/novaenergiaosona.cat\/es\/2022\/02\/17\/neo-nueva-energia-de-osona-en-un-stand-en-la-feria-de-la-energia-y-la-construccion-sostenible\/\" target=\"_blank\" class=\" wd-social-icon social-linkedin\" aria-label=\"Linkedin social link\">\n\t\t\t\t\t\t<span class=\"wd-icon\"><\/span>\n\t\t\t\t\t\t\t\t\t\t\t<\/a>\n\t\t\t\t\n\t\t\t\t\n\t\t\t\t\n\t\t\t\t\n\t\t\t\t\n\t\t\t\t\n\t\t\t\t\n\t\t\t\t\n\t\t\t\t\n\t\t\t\t\n\t\t\t\t\t\t\t\t\n\t\t\t\t\t\t\t\t\n\t\t\t\t\n\t\t\t\t\n\t\t\t\t\t\t\t\t\t<a rel=\"noopener noreferrer nofollow\" href=\"https:\/\/telegram.me\/share\/url?url=https:\/\/novaenergiaosona.cat\/es\/2022\/02\/17\/neo-nueva-energia-de-osona-en-un-stand-en-la-feria-de-la-energia-y-la-construccion-sostenible\/\" target=\"_blank\" class=\" wd-social-icon social-tg\" aria-label=\"Telegram social link\">\n\t\t\t\t\t\t<span class=\"wd-icon\"><\/span>\n\t\t\t\t\t\t\t\t\t\t\t<\/a>\n\t\t\t\t\t\t\t\t\n\t\t\t\t\n\t\t\t<\/div>\n\n\t\t\t\t\t\t\t\t\t<\/div>\n\t\t\t\t\t\t<\/div>\n\t\t\t\t\t\t\t\t\t\t\t\t\n\t\t\t\t\t\t\t\n\t\t\t\t                    <div class=\"entry-content wd-entry-content\">\n\t\t\t\t\t\t<p>El Consejo Comarcal de Osona tiene un stand en la Feria de la Energ\u00eda y la Construcci\u00f3n Sostenible que se hace estos d\u00edas en el Recinto Ferial El Sucre.<\/p>\n\n\t\t\t\t\t\t\t\t\t\t\t<\/div><!-- .entry-content -->\n\t\t\t\t\n\t\t\t\t\t\t\t\t\t\t\t\t\t\t<p class=\"read-more-section\">\n\t\t\t\t\t\t<a class=\"btn-read-more more-link\" href=\"https:\/\/novaenergiaosona.cat\/es\/2022\/02\/17\/neo-nueva-energia-de-osona-en-un-stand-en-la-feria-de-la-energia-y-la-construccion-sostenible\/\">Continue reading<\/a>\t\t\t\t\t<\/p>\n\t\t\t\t\t\t\t\t\t\t\t\n\t\t\t\n\t\t\t\t\t<\/div>\n\t<\/div>\n<\/article><!-- #post -->\n\n\n\t\t\t\t\t\t\t\t\t\t\t\n<article id=\"post-16872\" class=\"blog-design-masonry blog-post-loop blog-style-bg wd-add-shadow  col-lg-4 col-md-4 col-sm-6 col-12 last  post-16872 post type-post status-publish format-standard has-post-thumbnail hentry category-noticias-neo\">\n\t<div class=\"article-inner\">\n\t\t\t\t\t<header class=\"entry-header\">\n\t\t\t\t\t\t\t\t\t\n\t\t\t\t\t<figure id=\"carousel-489\" class=\"entry-thumbnail\" data-owl-carousel data-hide_pagination_control=\"yes\" data-desktop=\"1\" data-tablet=\"1\" data-tablet_landscape=\"1\" data-mobile=\"1\">\n\t\t\t\t\t\t\n\t\t\t\t\t\t\t<div class=\"post-img-wrapp\">\n\t\t\t\t\t\t\t\t<a href=\"https:\/\/novaenergiaosona.cat\/es\/2018\/10\/03\/16-municipios-de-osona-ya-tienen-comunidades-energeticas-constituidas-o-en-fase-de-creacion\/\">\n\t\t\t\t\t\t\t\t\t<img width=\"1024\" height=\"588\" src=\"https:\/\/novaenergiaosona.cat\/wp-content\/uploads\/2023\/11\/rhyujikl-1024x588-1.jpg\" class=\"attachment-large size-large\" alt=\"\" decoding=\"async\" srcset=\"https:\/\/novaenergiaosona.cat\/wp-content\/uploads\/2023\/11\/rhyujikl-1024x588-1.jpg 1024w, https:\/\/novaenergiaosona.cat\/wp-content\/uploads\/2023\/11\/rhyujikl-1024x588-1-430x247.jpg 430w, https:\/\/novaenergiaosona.cat\/wp-content\/uploads\/2023\/11\/rhyujikl-1024x588-1-150x86.jpg 150w, https:\/\/novaenergiaosona.cat\/wp-content\/uploads\/2023\/11\/rhyujikl-1024x588-1-700x402.jpg 700w, https:\/\/novaenergiaosona.cat\/wp-content\/uploads\/2023\/11\/rhyujikl-1024x588-1-400x230.jpg 400w, https:\/\/novaenergiaosona.cat\/wp-content\/uploads\/2023\/11\/rhyujikl-1024x588-1-768x441.jpg 768w, https:\/\/novaenergiaosona.cat\/wp-content\/uploads\/2023\/11\/rhyujikl-1024x588-1-860x494.jpg 860w\" sizes=\"(max-width: 1024px) 100vw, 1024px\" \/>\t\t\t\t\t\t\t\t<\/a>\n\t\t\t\t\t\t\t<\/div>\n\t\t\t\t\t\t\t<div class=\"post-image-mask\">\n\t\t\t\t\t\t\t\t<span><\/span>\n\t\t\t\t\t\t\t<\/div>\n\n\t\t\t\t\t\t\n\t\t\t\t\t<\/figure>\n\t\t\t\t\n\t\t\t\t\t\t\t\t\t\t\t\t<div class=\"post-date wd-post-date wd-style-with-bg\" onclick=\"\">\n\t\t\t\t<span class=\"post-date-day\">\n\t\t\t\t\t03\t\t\t\t<\/span>\n\t\t\t\t<span class=\"post-date-month\">\n\t\t\t\t\tOct\t\t\t\t<\/span>\n\t\t\t<\/div>\n\t\t\t\t\t\t\n\t\t\t<\/header><!-- .entry-header -->\n\n\t\t<div class=\"article-body-container\">\n\t\t\t\n\t\t\t\t\t\t\t\t\t<div class=\"meta-categories-wrapp\"><div class=\"meta-post-categories wd-post-cat wd-style-with-bg\"><a href=\"https:\/\/novaenergiaosona.cat\/es\/category\/noticias-neo\/\" rel=\"category tag\">Noticias NEO<\/a><\/div><\/div>\n\t\t\t\t\n\t\t\t\t\t\t\t\t\t<h3 class=\"wd-entities-title title post-title\">\n\t\t\t\t\t\t<a href=\"https:\/\/novaenergiaosona.cat\/es\/2018\/10\/03\/16-municipios-de-osona-ya-tienen-comunidades-energeticas-constituidas-o-en-fase-de-creacion\/\" rel=\"bookmark\">16 municipios de Osona ya tienen comunidades energ\u00e9ticas constituidas o en fase de creaci\u00f3n<\/a>\n\t\t\t\t\t<\/h3>\n\t\t\t\t\n\t\t\t\t\t\t\t\t\t<div class=\"entry-meta wd-entry-meta\">\n\t\t\t\t\t\t\t\t\t<ul class=\"entry-meta-list\">\n\t\t\t\t\t\t\t\t\t<li class=\"modified-date\">\n\t\t\t\t\t\t\t\t<time class=\"updated\" datetime=\"2024-05-28T13:26:26+02:00\">\n\t\t\t28 de mayo de 2024\t\t<\/time>\n\t\t\t\t\t\t\t<\/li>\n\n\t\t\t\t\t\n\t\t\t\t\t\t\t\t\t\t\t<li class=\"meta-author\">\n\t\t\t\t\t\t\t\t\t\t\t\t<span>By<\/span>\n\t\t\n\t\t\t\t\t<img alt='author-avatar' src='https:\/\/secure.gravatar.com\/avatar\/4897108fbc716b51bd5ccb0d3a1af90ebc85c1d65b5609ba847672e458068314?s=32&#038;d=mm&#038;r=g' srcset='https:\/\/secure.gravatar.com\/avatar\/4897108fbc716b51bd5ccb0d3a1af90ebc85c1d65b5609ba847672e458068314?s=64&#038;d=mm&#038;r=g 2x' class='avatar avatar-32 photo' height='32' width='32' decoding='async'\/>\t\t\n\t\t<a href=\"https:\/\/novaenergiaosona.cat\/es\/author\/usuari_nova\/\" rel=\"author\">\n\t\t\t<span class=\"vcard author author_name\">\n\t\t\t\t<span class=\"fn\">usuari_nova<\/span>\n\t\t\t<\/span>\n\t\t<\/a>\n\t\t\t\t\t\t\t\t<\/li>\n\t\t\t\t\t\n\t\t\t\t\t\n\t\t\t\t\t\t\t\t\t\t\t\t<\/ul>\n\t\t\t\t\t\t\t<\/div><!-- .entry-meta -->\n\t\t\t\t\t\t\t\t\t\t\t<div class=\"hovered-social-icons wd-tltp wd-tltp-top\">\n\t\t\t\t\t\t\t<div class=\"wd-tooltip-label\">\n\t\t\t\t\t\t\t\t\n\t\t\t<div class=\" wd-social-icons icons-design-default icons-size-small color-scheme-light social-share social-form-circle text-center\">\n\n\t\t\t\t\n\t\t\t\t\t\t\t\t\t<a rel=\"noopener noreferrer nofollow\" href=\"https:\/\/www.facebook.com\/sharer\/sharer.php?u=https:\/\/novaenergiaosona.cat\/es\/2018\/10\/03\/16-municipios-de-osona-ya-tienen-comunidades-energeticas-constituidas-o-en-fase-de-creacion\/\" target=\"_blank\" class=\" wd-social-icon social-facebook\" aria-label=\"Facebook social link\">\n\t\t\t\t\t\t<span class=\"wd-icon\"><\/span>\n\t\t\t\t\t\t\t\t\t\t\t<\/a>\n\t\t\t\t\n\t\t\t\t\t\t\t\t\t<a rel=\"noopener noreferrer nofollow\" href=\"https:\/\/twitter.com\/share?url=https:\/\/novaenergiaosona.cat\/es\/2018\/10\/03\/16-municipios-de-osona-ya-tienen-comunidades-energeticas-constituidas-o-en-fase-de-creacion\/\" target=\"_blank\" class=\" wd-social-icon social-twitter\" aria-label=\"Twitter social link\">\n\t\t\t\t\t\t<span class=\"wd-icon\"><\/span>\n\t\t\t\t\t\t\t\t\t\t\t<\/a>\n\t\t\t\t\n\t\t\t\t\n\t\t\t\t\n\t\t\t\t\n\t\t\t\t\t\t\t\t\t<a rel=\"noopener noreferrer nofollow\" href=\"https:\/\/pinterest.com\/pin\/create\/button\/?url=https:\/\/novaenergiaosona.cat\/es\/2018\/10\/03\/16-municipios-de-osona-ya-tienen-comunidades-energeticas-constituidas-o-en-fase-de-creacion\/&media=https:\/\/novaenergiaosona.cat\/wp-content\/uploads\/2023\/11\/rhyujikl-1024x588-1.jpg&description=16+municipios+de+Osona+ya+tienen+comunidades+energ%C3%A9ticas+constituidas+o+en+fase+de+creaci%C3%B3n\" target=\"_blank\" class=\" wd-social-icon social-pinterest\" aria-label=\"Pinterest social link\">\n\t\t\t\t\t\t<span class=\"wd-icon\"><\/span>\n\t\t\t\t\t\t\t\t\t\t\t<\/a>\n\t\t\t\t\n\t\t\t\t\n\t\t\t\t\t\t\t\t\t<a rel=\"noopener noreferrer nofollow\" href=\"https:\/\/www.linkedin.com\/shareArticle?mini=true&url=https:\/\/novaenergiaosona.cat\/es\/2018\/10\/03\/16-municipios-de-osona-ya-tienen-comunidades-energeticas-constituidas-o-en-fase-de-creacion\/\" target=\"_blank\" class=\" wd-social-icon social-linkedin\" aria-label=\"Linkedin social link\">\n\t\t\t\t\t\t<span class=\"wd-icon\"><\/span>\n\t\t\t\t\t\t\t\t\t\t\t<\/a>\n\t\t\t\t\n\t\t\t\t\n\t\t\t\t\n\t\t\t\t\n\t\t\t\t\n\t\t\t\t\n\t\t\t\t\n\t\t\t\t\n\t\t\t\t\n\t\t\t\t\n\t\t\t\t\t\t\t\t\n\t\t\t\t\t\t\t\t\n\t\t\t\t\n\t\t\t\t\n\t\t\t\t\t\t\t\t\t<a rel=\"noopener noreferrer nofollow\" href=\"https:\/\/telegram.me\/share\/url?url=https:\/\/novaenergiaosona.cat\/es\/2018\/10\/03\/16-municipios-de-osona-ya-tienen-comunidades-energeticas-constituidas-o-en-fase-de-creacion\/\" target=\"_blank\" class=\" wd-social-icon social-tg\" aria-label=\"Telegram social link\">\n\t\t\t\t\t\t<span class=\"wd-icon\"><\/span>\n\t\t\t\t\t\t\t\t\t\t\t<\/a>\n\t\t\t\t\t\t\t\t\n\t\t\t\t\n\t\t\t<\/div>\n\n\t\t\t\t\t\t\t\t\t<\/div>\n\t\t\t\t\t\t<\/div>\n\t\t\t\t\t\t\t\t\t\t\t\t\n\t\t\t\t\t\t\t\n\t\t\t\t                    <div class=\"entry-content wd-entry-content\">\n\t\t\t\t\t\t<p>El Consejo Comarcal de Osona organiz\u00f3 este mi\u00e9rcoles 12 de enero el primer encuentro de Comunidades Energ\u00e9ticas de Osona.<\/p>\n\n\t\t\t\t\t\t\t\t\t\t\t<\/div><!-- .entry-content -->\n\t\t\t\t\n\t\t\t\t\t\t\t\t\t\t\t\t\t\t<p class=\"read-more-section\">\n\t\t\t\t\t\t<a class=\"btn-read-more more-link\" href=\"https:\/\/novaenergiaosona.cat\/es\/2018\/10\/03\/16-municipios-de-osona-ya-tienen-comunidades-energeticas-constituidas-o-en-fase-de-creacion\/\">Continue reading<\/a>\t\t\t\t\t<\/p>\n\t\t\t\t\t\t\t\t\t\t\t\n\t\t\t\n\t\t\t\t\t<\/div>\n\t<\/div>\n<\/article><!-- #post -->\n\n\n\t\t\t\t\t\n\t\t\t\t\t","status":"no-more-posts","nextPage":"?woo_ajax=1","currentPage":"https:\/\/novaenergiaosona.cat\/es\/author\/usuari_nova\/page\/2\/"}